{"id":57907,"date":"2020-02-18T11:57:08","date_gmt":"2020-02-18T14:57:08","guid":{"rendered":"https:\/\/www.actualidadadiario.com\/?p=57907"},"modified":"2020-02-18T11:57:08","modified_gmt":"2020-02-18T14:57:08","slug":"el-senado-abre-el-ano-legislativo-provincial","status":"publish","type":"post","link":"https:\/\/www.actualidadadiario.com\/index.php\/2020\/02\/18\/el-senado-abre-el-ano-legislativo-provincial\/","title":{"rendered":"El Senado abre el a\u00f1o legislativo provincial"},"content":{"rendered":"<p style=\"text-align: center;\"><em><strong>La C\u00e1mara de Senadores de la provincia fue convocada para sesionar esta semana entre el martes y el jueves. Es la primera actividad legislativa del a\u00f1o, luego de que el gobernador Gustavo Bordet abriera el 141\u00ba per\u00edodo el pasado s\u00e1bado 15<\/strong><\/em><\/p>\n<p>&nbsp;<\/p>\n<p>El Senado est\u00e1 convocado para sesionar este martes a las 19. En caso de que no se alcance qu\u00f3rum, el llamado se extiende al mi\u00e9rcoles a la misma o el jueves a las 11hs, seg\u00fan el cronograma de actividades vigente.<\/p>\n<p>Esta ser\u00e1 la primera actividad legislativa del a\u00f1o en la provincia, luego de que el gobernador Gustavo Bordet dejara abierto el pasado s\u00e1bado 15 en el Centro de Convenciones el 141\u00ba per\u00edodo de sesiones ordinarias de la Legislatura provincial.<\/p>\n<p>En Diputados, en cambio, no hay actividad prevista para estos d\u00edas.<\/p>\n","protected":false},"excerpt":{"rendered":"<p>La C\u00e1mara de Senadores de la provincia fue convocada para sesionar esta semana entre el martes y el jueves. Es la primera actividad legislativa del a\u00f1o, luego de que el gobernador Gustavo Bordet abriera el 141\u00ba per\u00edodo el pasado s\u00e1bado 15 &nbsp; El Senado est\u00e1 convocado para sesionar este martes a las 19. En caso de que no se alcance qu\u00f3rum, el llamado se extiende al mi\u00e9rcoles a la misma o el jueves a las 11hs, seg\u00fan el cronograma de actividades vigente. Esta ser\u00e1 la primera actividad legislativa del a\u00f1o&#8230;<\/p>\n","protected":false},"author":3,"featured_media":57908,"comment_status":"closed","ping_status":"closed","sticky":false,"template":"","format":"standard","meta":[],"categories":[15],"tags":[],"_links":{"self":[{"href":"https:\/\/www.actualidadadiario.com\/index.php\/wp-json\/wp\/v2\/posts\/57907"}],"collection":[{"href":"https:\/\/www.actualidadadiario.com\/index.php\/wp-json\/wp\/v2\/posts"}],"about":[{"href":"https:\/\/www.actualidadadiario.com\/index.php\/wp-json\/wp\/v2\/types\/post"}],"author":[{"embeddable":true,"href":"https:\/\/www.actualidadadiario.com\/index.php\/wp-json\/wp\/v2\/users\/3"}],"replies":[{"embeddable":true,"href":"https:\/\/www.actualidadadiario.com\/index.php\/wp-json\/wp\/v2\/comments?post=57907"}],"version-history":[{"count":1,"href":"https:\/\/www.actualidadadiario.com\/index.php\/wp-json\/wp\/v2\/posts\/57907\/revisions"}],"predecessor-version":[{"id":57909,"href":"https:\/\/www.actualidadadiario.com\/index.php\/wp-json\/wp\/v2\/posts\/57907\/revisions\/57909"}],"wp:featuredmedia":[{"embeddable":true,"href":"https:\/\/www.actualidadadiario.com\/index.php\/wp-json\/wp\/v2\/media\/57908"}],"wp:attachment":[{"href":"https:\/\/www.actualidadadiario.com\/index.php\/wp-json\/wp\/v2\/media?parent=57907"}],"wp:term":[{"taxonomy":"category","embeddable":true,"href":"https:\/\/www.actualidadadiario.com\/index.php\/wp-json\/wp\/v2\/categories?post=57907"},{"taxonomy":"post_tag","embeddable":true,"href":"https:\/\/www.actualidadadiario.com\/index.php\/wp-json\/wp\/v2\/tags?post=57907"}],"curies":[{"name":"wp","href":"https:\/\/api.w.org\/{rel}","templated":true}]}}