{"id":57904,"date":"2020-02-18T11:56:26","date_gmt":"2020-02-18T14:56:26","guid":{"rendered":"https:\/\/www.actualidadadiario.com\/?p=57904"},"modified":"2020-02-18T11:56:26","modified_gmt":"2020-02-18T14:56:26","slug":"hospital-de-concordia-lanzo-una-convocatoria-urgente-en-busca-de-medicos","status":"publish","type":"post","link":"https:\/\/www.actualidadadiario.com\/index.php\/2020\/02\/18\/hospital-de-concordia-lanzo-una-convocatoria-urgente-en-busca-de-medicos\/","title":{"rendered":"Hospital de Concordia lanz\u00f3 una convocatoria &#8220;urgente&#8221; en busca de m\u00e9dicos"},"content":{"rendered":"<p style=\"text-align: center;\"><em><strong>La convocatoria fue lanzada por el nosocomio de Concordia, Delicia Concepci\u00f3n Masvernat, desde donde informaron que buscan m\u00e9dicos para cubrir puestos vacantes siendo la solicitud de suma urgencia, para cubrir la guardia de Cl\u00ednica M\u00e9dica<\/strong><\/em><\/p>\n<p>&nbsp;<\/p>\n<p>Los interesados deber\u00e1n contactarse a la Direcci\u00f3n del Hospital Masvernat, a trav\u00e9s de direccion@hdcm.gob.ar; al (0345) 4252637, o en su direcci\u00f3n: Monse\u00f1or Tavella y 11 de Noviembre.<\/p>\n","protected":false},"excerpt":{"rendered":"<p>La convocatoria fue lanzada por el nosocomio de Concordia, Delicia Concepci\u00f3n Masvernat, desde donde informaron que buscan m\u00e9dicos para cubrir puestos vacantes siendo la solicitud de suma urgencia, para cubrir la guardia de Cl\u00ednica M\u00e9dica &nbsp; Los interesados deber\u00e1n contactarse a la Direcci\u00f3n del Hospital Masvernat, a trav\u00e9s de direccion@hdcm.gob.ar; al (0345) 4252637, o en su direcci\u00f3n: Monse\u00f1or Tavella y 11 de Noviembre.<\/p>\n","protected":false},"author":3,"featured_media":57905,"comment_status":"closed","ping_status":"closed","sticky":false,"template":"","format":"standard","meta":[],"categories":[15],"tags":[],"_links":{"self":[{"href":"https:\/\/www.actualidadadiario.com\/index.php\/wp-json\/wp\/v2\/posts\/57904"}],"collection":[{"href":"https:\/\/www.actualidadadiario.com\/index.php\/wp-json\/wp\/v2\/posts"}],"about":[{"href":"https:\/\/www.actualidadadiario.com\/index.php\/wp-json\/wp\/v2\/types\/post"}],"author":[{"embeddable":true,"href":"https:\/\/www.actualidadadiario.com\/index.php\/wp-json\/wp\/v2\/users\/3"}],"replies":[{"embeddable":true,"href":"https:\/\/www.actualidadadiario.com\/index.php\/wp-json\/wp\/v2\/comments?post=57904"}],"version-history":[{"count":1,"href":"https:\/\/www.actualidadadiario.com\/index.php\/wp-json\/wp\/v2\/posts\/57904\/revisions"}],"predecessor-version":[{"id":57906,"href":"https:\/\/www.actualidadadiario.com\/index.php\/wp-json\/wp\/v2\/posts\/57904\/revisions\/57906"}],"wp:featuredmedia":[{"embeddable":true,"href":"https:\/\/www.actualidadadiario.com\/index.php\/wp-json\/wp\/v2\/media\/57905"}],"wp:attachment":[{"href":"https:\/\/www.actualidadadiario.com\/index.php\/wp-json\/wp\/v2\/media?parent=57904"}],"wp:term":[{"taxonomy":"category","embeddable":true,"href":"https:\/\/www.actualidadadiario.com\/index.php\/wp-json\/wp\/v2\/categories?post=57904"},{"taxonomy":"post_tag","embeddable":true,"href":"https:\/\/www.actualidadadiario.com\/index.php\/wp-json\/wp\/v2\/tags?post=57904"}],"curies":[{"name":"wp","href":"https:\/\/api.w.org\/{rel}","templated":true}]}}