{"id":57901,"date":"2020-02-18T11:55:48","date_gmt":"2020-02-18T14:55:48","guid":{"rendered":"https:\/\/www.actualidadadiario.com\/?p=57901"},"modified":"2020-02-18T11:55:48","modified_gmt":"2020-02-18T14:55:48","slug":"lanzaran-el-programa-despertar-emprendedor-en-federacion","status":"publish","type":"post","link":"https:\/\/www.actualidadadiario.com\/index.php\/2020\/02\/18\/lanzaran-el-programa-despertar-emprendedor-en-federacion\/","title":{"rendered":"Lanzar\u00e1n el programa \u201cDespertar Emprendedor\u201d en Federaci\u00f3n"},"content":{"rendered":"<p style=\"text-align: center;\"><em><strong>La ciudad de Federaci\u00f3n pondr\u00e1 en marcha el programa \u201cDespertar Emprendedor\u201d. Se trata de un programa para escuelas t\u00e9cnicas entrerrianas, implementado por la Vicegobernaci\u00f3n de la provincia, en conjunto con el Consejo General de Educaci\u00f3n y la Asociaci\u00f3n Civil \u201cEntre R\u00edos Emprende\u201d<\/strong><\/em><\/p>\n<p>&nbsp;<\/p>\n<p>El plan ser\u00e1 coordinado, a nivel departamental, desde el municipio de Federaci\u00f3n.<\/p>\n<p>A tal fin, este fin de semana se llev\u00f3 a cabo un encuentro, entre el Presidente Municipal, Ricardo Bravo; la viceintendenta, Corina Rollano; el secretario de Gobierno, Claudio G\u00f3mez, y Germ\u00e1n Gatti e Irene Esquivel, representantes de la mencionada Asociaci\u00f3n Civil.<\/p>\n<p>Seg\u00fan se inform\u00f3, el objetivo del programa es \u201cincentivar el esp\u00edritu y las competencias emprendedoras de los estudiantes de las escuelas t\u00e9cnicas de la provincia de Entre R\u00edos, a trav\u00e9s de un concurso de ideas y proyectos\u201d.<\/p>\n","protected":false},"excerpt":{"rendered":"<p>La ciudad de Federaci\u00f3n pondr\u00e1 en marcha el programa \u201cDespertar Emprendedor\u201d. Se trata de un programa para escuelas t\u00e9cnicas entrerrianas, implementado por la Vicegobernaci\u00f3n de la provincia, en conjunto con el Consejo General de Educaci\u00f3n y la Asociaci\u00f3n Civil \u201cEntre R\u00edos Emprende\u201d &nbsp; El plan ser\u00e1 coordinado, a nivel departamental, desde el municipio de Federaci\u00f3n. A tal fin, este fin de semana se llev\u00f3 a cabo un encuentro, entre el Presidente Municipal, Ricardo Bravo; la viceintendenta, Corina Rollano; el secretario de Gobierno, Claudio G\u00f3mez, y Germ\u00e1n Gatti e Irene Esquivel,&#8230;<\/p>\n","protected":false},"author":3,"featured_media":57902,"comment_status":"closed","ping_status":"closed","sticky":false,"template":"","format":"standard","meta":[],"categories":[15],"tags":[],"_links":{"self":[{"href":"https:\/\/www.actualidadadiario.com\/index.php\/wp-json\/wp\/v2\/posts\/57901"}],"collection":[{"href":"https:\/\/www.actualidadadiario.com\/index.php\/wp-json\/wp\/v2\/posts"}],"about":[{"href":"https:\/\/www.actualidadadiario.com\/index.php\/wp-json\/wp\/v2\/types\/post"}],"author":[{"embeddable":true,"href":"https:\/\/www.actualidadadiario.com\/index.php\/wp-json\/wp\/v2\/users\/3"}],"replies":[{"embeddable":true,"href":"https:\/\/www.actualidadadiario.com\/index.php\/wp-json\/wp\/v2\/comments?post=57901"}],"version-history":[{"count":1,"href":"https:\/\/www.actualidadadiario.com\/index.php\/wp-json\/wp\/v2\/posts\/57901\/revisions"}],"predecessor-version":[{"id":57903,"href":"https:\/\/www.actualidadadiario.com\/index.php\/wp-json\/wp\/v2\/posts\/57901\/revisions\/57903"}],"wp:featuredmedia":[{"embeddable":true,"href":"https:\/\/www.actualidadadiario.com\/index.php\/wp-json\/wp\/v2\/media\/57902"}],"wp:attachment":[{"href":"https:\/\/www.actualidadadiario.com\/index.php\/wp-json\/wp\/v2\/media?parent=57901"}],"wp:term":[{"taxonomy":"category","embeddable":true,"href":"https:\/\/www.actualidadadiario.com\/index.php\/wp-json\/wp\/v2\/categories?post=57901"},{"taxonomy":"post_tag","embeddable":true,"href":"https:\/\/www.actualidadadiario.com\/index.php\/wp-json\/wp\/v2\/tags?post=57901"}],"curies":[{"name":"wp","href":"https:\/\/api.w.org\/{rel}","templated":true}]}}