{"id":57898,"date":"2020-02-18T11:55:09","date_gmt":"2020-02-18T14:55:09","guid":{"rendered":"https:\/\/www.actualidadadiario.com\/?p=57898"},"modified":"2020-02-18T11:55:09","modified_gmt":"2020-02-18T14:55:09","slug":"preocupa-la-cantidad-de-accidentes-en-rutas-entrerrianas","status":"publish","type":"post","link":"https:\/\/www.actualidadadiario.com\/index.php\/2020\/02\/18\/preocupa-la-cantidad-de-accidentes-en-rutas-entrerrianas\/","title":{"rendered":"Preocupa la cantidad de accidentes en rutas entrerrianas"},"content":{"rendered":"<p style=\"text-align: center;\"><em><strong>En los \u00faltimos d\u00edas los accidentes pr\u00e1cticamente se duplicaron en diferentes rutas del territorio provincial, producto de despistes y vuelcos, adem\u00e1s de choques que resultaron fatales<\/strong><\/em><\/p>\n<p>&nbsp;<\/p>\n<p>La temporada estival todav\u00eda contin\u00faa y miles de automovilistas circulan a diario por las rutas de todo el territorio provincial, especialmente las nacionales.<\/p>\n<p>En esta \u00e9poca se puede observar en su mayor\u00eda el tr\u00e1nsito de turismo y en las rutas provinciales la producci\u00f3n local y la comunicaci\u00f3n entre una localidad y otra generan un importante movimiento vehicular.<\/p>\n<p>El Jefe de la divisi\u00f3n de Operaciones de la Direcci\u00f3n de Prevenci\u00f3n y Seguridad Vial de Entre R\u00edos, Comisario Inspector Cristian Van Derdonckt, en di\u00e1logo con EL Diario, habl\u00f3 sobre lo que viene siendo el periodo de verano en las rutas entrerrianas.<\/p>\n<p>\u00abHay un movimiento importante de turismo fundamentalmente, estamos avocados con un operativo que llevamos a cabo hace varios meses\u00bb destac\u00f3 en referencia al operativo Verano Seguro 2019 \/ 2020.<\/p>\n<p>&nbsp;<\/p>\n<p><strong>Balance<\/strong><\/p>\n<p>Si uno ve la realidad, nota con cierta preocupaci\u00f3n la cantidad de accidentes que se registran en los \u00faltimos d\u00edas, a pesar de todo el trabajo que se realiza para la prevenci\u00f3n.<\/p>\n<p>\u00abNos encontramos muy satisfechos en lo que va del desarrollo de este operativo Verano Seguro, hemos visto una disminuci\u00f3n de aproximadamente un 30 por ciento de siniestros viales y tambi\u00e9n una disminuci\u00f3n muy notable en lo que son siniestros viales con desenlaces fatales y gracias a Dios creemos que estamos en un muy buen camino\u00bb dijo Van Derdonckt.<\/p>\n<p>Durante el periodo estival, la mayor cantidad de usuarios transita por los corredores m\u00e1s importantes como las rutas 12 y 14, donde se pueden observar importantes operativos como as\u00ed tambi\u00e9n en otras rutas provinciales a lo largo y ancho de la geograf\u00eda provincial.<\/p>\n<p>&nbsp;<\/p>\n<p><strong>Despistes<\/strong><\/p>\n<p>\u00abNosotros hacemos hincapi\u00e9 y recomendamos a las personas m\u00e1s que nada en esta \u00e9poca que respeten las velocidades m\u00e1ximas y las se\u00f1ales de tr\u00e1nsito\u00bb sostuvo a El Diario el jefe de Operaciones de la fuerza.<\/p>\n<p>&nbsp;<\/p>\n<p><strong>Precauci\u00f3n<\/strong><\/p>\n<p>\u00abNosotros hacemos hincapi\u00e9 y recomendamos a las personas m\u00e1s que nada en esta \u00e9poca que respeten las velocidades m\u00e1ximas y las se\u00f1ales de tr\u00e1nsito\u00bb sostuvo a El Diario el jefe de Operaciones de la fuerza.<\/p>\n<p>Verano Seguro es uno de los principales operativos que se lleva adelante en el territorio provincial con puestos camineros fijos y m\u00f3viles, adem\u00e1s de la ayuda de mucha tecnolog\u00eda para garantizar la seguridad vial.<\/p>\n<p>\u00abLa prevenci\u00f3n se logra con operativos m\u00f3viles, atenci\u00f3n al turista, entrega de folletos, entre otros, para lograr que el usuario de la ruta disminuya su velocidad\u00bb finaliz\u00f3 el comisario.<\/p>\n<p>&nbsp;<\/p>\n<p><strong>V\u00edctimas fatales<\/strong><\/p>\n<p>Sobre los fallecidos en rutas de nuestra provincia durante este a\u00f1o, comparado con el mismo periodo del a\u00f1o anterior, el licenciado Pablo Peil, del Observatorio de Seguridad Vial de Entre R\u00edos, se\u00f1al\u00f3 que \u00abla cantidad de fallecidos el a\u00f1o pasado fue de 10 personas y en este 2020 la cantidad hasta hoy es de cinco, es decir un 50 por ciento menos en rutas.\u00bb<\/p>\n<p>Adem\u00e1s agreg\u00f3 que en lo que va del a\u00f1o la mayor cantidad de accidentes se dan en zona urbana: \u00abEl a\u00f1o pasado hasta esta fecha ten\u00edamos 11 fallecidos entre urbanos e interurbanos y ahora ya se cuentan 13 y las caracter\u00edsticas son las que se repiten a\u00f1o a a\u00f1o, el exceso de velocidad, las distracciones, la mayor\u00eda de los hechos se dan con vuelcos y\/o despistes por diferentes factores que van influenciando en la distracci\u00f3n del conductor\u00bb.<\/p>\n","protected":false},"excerpt":{"rendered":"<p>En los \u00faltimos d\u00edas los accidentes pr\u00e1cticamente se duplicaron en diferentes rutas del territorio provincial, producto de despistes y vuelcos, adem\u00e1s de choques que resultaron fatales &nbsp; La temporada estival todav\u00eda contin\u00faa y miles de automovilistas circulan a diario por las rutas de todo el territorio provincial, especialmente las nacionales. En esta \u00e9poca se puede observar en su mayor\u00eda el tr\u00e1nsito de turismo y en las rutas provinciales la producci\u00f3n local y la comunicaci\u00f3n entre una localidad y otra generan un importante movimiento vehicular. El Jefe de la divisi\u00f3n de&#8230;<\/p>\n","protected":false},"author":3,"featured_media":57899,"comment_status":"closed","ping_status":"closed","sticky":false,"template":"","format":"standard","meta":[],"categories":[15],"tags":[],"_links":{"self":[{"href":"https:\/\/www.actualidadadiario.com\/index.php\/wp-json\/wp\/v2\/posts\/57898"}],"collection":[{"href":"https:\/\/www.actualidadadiario.com\/index.php\/wp-json\/wp\/v2\/posts"}],"about":[{"href":"https:\/\/www.actualidadadiario.com\/index.php\/wp-json\/wp\/v2\/types\/post"}],"author":[{"embeddable":true,"href":"https:\/\/www.actualidadadiario.com\/index.php\/wp-json\/wp\/v2\/users\/3"}],"replies":[{"embeddable":true,"href":"https:\/\/www.actualidadadiario.com\/index.php\/wp-json\/wp\/v2\/comments?post=57898"}],"version-history":[{"count":1,"href":"https:\/\/www.actualidadadiario.com\/index.php\/wp-json\/wp\/v2\/posts\/57898\/revisions"}],"predecessor-version":[{"id":57900,"href":"https:\/\/www.actualidadadiario.com\/index.php\/wp-json\/wp\/v2\/posts\/57898\/revisions\/57900"}],"wp:featuredmedia":[{"embeddable":true,"href":"https:\/\/www.actualidadadiario.com\/index.php\/wp-json\/wp\/v2\/media\/57899"}],"wp:attachment":[{"href":"https:\/\/www.actualidadadiario.com\/index.php\/wp-json\/wp\/v2\/media?parent=57898"}],"wp:term":[{"taxonomy":"category","embeddable":true,"href":"https:\/\/www.actualidadadiario.com\/index.php\/wp-json\/wp\/v2\/categories?post=57898"},{"taxonomy":"post_tag","embeddable":true,"href":"https:\/\/www.actualidadadiario.com\/index.php\/wp-json\/wp\/v2\/tags?post=57898"}],"curies":[{"name":"wp","href":"https:\/\/api.w.org\/{rel}","templated":true}]}}