{"id":57895,"date":"2020-02-18T11:54:14","date_gmt":"2020-02-18T14:54:14","guid":{"rendered":"https:\/\/www.actualidadadiario.com\/?p=57895"},"modified":"2020-02-18T11:54:14","modified_gmt":"2020-02-18T14:54:14","slug":"cuestionan-resolucion-de-caru-que-permitiria-mas-contaminantes-en-el-rio","status":"publish","type":"post","link":"https:\/\/www.actualidadadiario.com\/index.php\/2020\/02\/18\/cuestionan-resolucion-de-caru-que-permitiria-mas-contaminantes-en-el-rio\/","title":{"rendered":"Cuestionan resoluci\u00f3n de CARU que permitir\u00eda m\u00e1s contaminantes en el r\u00edo"},"content":{"rendered":"<p style=\"text-align: center;\"><em><strong>La Municipalidad de Gualeguaych\u00fa considera que la resoluci\u00f3n, ha sido realizada &#8220;avasallando los mecanismos procedimentales legales para este tipo de modificaciones&#8221; y se\u00f1ala que es &#8220;ileg\u00edtima e improcedente&#8221;<\/strong><\/em><\/p>\n<p>&nbsp;<\/p>\n<p>&nbsp;<\/p>\n<p>El 5 de diciembre de 2019, a escasos d\u00edas de la finalizaci\u00f3n del mandato del ex presidente Mauricio Macri, y de la funci\u00f3n del representante de la Delegaci\u00f3n Argentina en CARU, H\u00e9ctor Mauro Vazon, por resoluci\u00f3n CARU N\u00b028-19, se efectu\u00f3 la reforma en cuesti\u00f3n, la cual se gest\u00f3 incorrectamente desde un principio.<\/p>\n<p>El municipio considera que la misma, publicada en fecha 15 de enero de 2020 en el Bolet\u00edn Oficial Argentino, ha sido realizada &#8220;avasallando los mecanismos procedimentales legales para este tipo de modificaciones&#8221;, public\u00f3 ElD\u00eda.<\/p>\n<p>El digesto es el reglamento que utiliza la CARU &#8211; Comisi\u00f3n Administradora del Rio Uruguay &#8211; para la aplicaci\u00f3n del Estatuto del Rio Uruguay, este \u00faltimo obviamente goza de mayor rango legislativo. Dicho esto, &#8220;resulta ileg\u00edtima e improcedente la incorporaci\u00f3n de t\u00e9rminos tendientes a modificar el esp\u00edritu de una norma internacional mediante un reglamento para su implementaci\u00f3n&#8221;, se considera.<\/p>\n<p>Y siguiendo con la enumeraci\u00f3n de irregularidades, &#8220;se ha visto incumplida la obligaci\u00f3n expresa de CARU de informar sobre las actividades, y sobre toda norma que previeran dictar con relaci\u00f3n a la contaminaci\u00f3n de las aguas&#8221;, mencionaron desde la comuna.<\/p>\n<p>Ante lo cual surge necesaria la pregunta relativa a si la CARU incumpli\u00f3 en dicha notificaci\u00f3n hacia los organismos nacionales, o si los mismos fueron indiferentes omitiendo dar aviso a los provincias, municipios y actores civiles necesarios, cuando existen \u00e1mbitos p\u00fablicos con trayectoria que necesariamente deber\u00edan haberse tenido en cuenta como el &#8220;Comit\u00e9 para el desarrollo de la Cuenca del Rio Uruguay&#8221;, del cual el municipio de Gualeguaych\u00fa forma parte.<\/p>\n<p>&#8220;Esta falta de comunicaci\u00f3n y participaci\u00f3n se ve agravada por los antecedentes de conflicto socioambientales entre los pa\u00edses vecinos motivados por la falta de aviso entre los representantes de los mismos&#8221;, se indic\u00f3 en un comunicado.<\/p>\n<p>&#8220;La actualizaci\u00f3n de la legislaci\u00f3n, surge necesaria, m\u00e1s a\u00fan cuando resulta vetusta, es celebrada por este municipio siempre y cuando sea trabajada en absoluto respeto por el ambiente y las instituciones, principios y compromisos asumidos por el gobierno de la ciudad de Gualeguaych\u00fa&#8221;, sostiene el escrito.<\/p>\n","protected":false},"excerpt":{"rendered":"<p>La Municipalidad de Gualeguaych\u00fa considera que la resoluci\u00f3n, ha sido realizada &#8220;avasallando los mecanismos procedimentales legales para este tipo de modificaciones&#8221; y se\u00f1ala que es &#8220;ileg\u00edtima e improcedente&#8221; &nbsp; &nbsp; El 5 de diciembre de 2019, a escasos d\u00edas de la finalizaci\u00f3n del mandato del ex presidente Mauricio Macri, y de la funci\u00f3n del representante de la Delegaci\u00f3n Argentina en CARU, H\u00e9ctor Mauro Vazon, por resoluci\u00f3n CARU N\u00b028-19, se efectu\u00f3 la reforma en cuesti\u00f3n, la cual se gest\u00f3 incorrectamente desde un principio. El municipio considera que la misma, publicada en&#8230;<\/p>\n","protected":false},"author":3,"featured_media":57896,"comment_status":"closed","ping_status":"closed","sticky":false,"template":"","format":"standard","meta":[],"categories":[15],"tags":[],"_links":{"self":[{"href":"https:\/\/www.actualidadadiario.com\/index.php\/wp-json\/wp\/v2\/posts\/57895"}],"collection":[{"href":"https:\/\/www.actualidadadiario.com\/index.php\/wp-json\/wp\/v2\/posts"}],"about":[{"href":"https:\/\/www.actualidadadiario.com\/index.php\/wp-json\/wp\/v2\/types\/post"}],"author":[{"embeddable":true,"href":"https:\/\/www.actualidadadiario.com\/index.php\/wp-json\/wp\/v2\/users\/3"}],"replies":[{"embeddable":true,"href":"https:\/\/www.actualidadadiario.com\/index.php\/wp-json\/wp\/v2\/comments?post=57895"}],"version-history":[{"count":1,"href":"https:\/\/www.actualidadadiario.com\/index.php\/wp-json\/wp\/v2\/posts\/57895\/revisions"}],"predecessor-version":[{"id":57897,"href":"https:\/\/www.actualidadadiario.com\/index.php\/wp-json\/wp\/v2\/posts\/57895\/revisions\/57897"}],"wp:featuredmedia":[{"embeddable":true,"href":"https:\/\/www.actualidadadiario.com\/index.php\/wp-json\/wp\/v2\/media\/57896"}],"wp:attachment":[{"href":"https:\/\/www.actualidadadiario.com\/index.php\/wp-json\/wp\/v2\/media?parent=57895"}],"wp:term":[{"taxonomy":"category","embeddable":true,"href":"https:\/\/www.actualidadadiario.com\/index.php\/wp-json\/wp\/v2\/categories?post=57895"},{"taxonomy":"post_tag","embeddable":true,"href":"https:\/\/www.actualidadadiario.com\/index.php\/wp-json\/wp\/v2\/tags?post=57895"}],"curies":[{"name":"wp","href":"https:\/\/api.w.org\/{rel}","templated":true}]}}