{"id":57892,"date":"2020-02-18T11:53:34","date_gmt":"2020-02-18T14:53:34","guid":{"rendered":"https:\/\/www.actualidadadiario.com\/?p=57892"},"modified":"2020-02-18T11:53:34","modified_gmt":"2020-02-18T14:53:34","slug":"fortalecen-a-cooperativas-en-sus-proyectos-de-educacion-y-vivienda","status":"publish","type":"post","link":"https:\/\/www.actualidadadiario.com\/index.php\/2020\/02\/18\/fortalecen-a-cooperativas-en-sus-proyectos-de-educacion-y-vivienda\/","title":{"rendered":"Fortalecen a cooperativas en sus proyectos de educaci\u00f3n y vivienda"},"content":{"rendered":"<p style=\"text-align: center;\"><em><strong>El gobierno provincial a trav\u00e9s del ministerio de Gobierno y Justicia y el Instituto de Promoci\u00f3n Cooperativas y Mutuales, entreg\u00f3 tres subsidios y un cr\u00e9dito a cooperativas de la provincia. Los fondos ser\u00e1n destinados para educaci\u00f3n y viviendas<\/strong><\/em><\/p>\n<p>&nbsp;<\/p>\n<p>&nbsp;<\/p>\n<p>La ministra de Gobierno y Justicia, Rosario Romero, estuvo a cargo de la entrega de los tres subsidios y el cr\u00e9dito a cooperativas de la Provincia. Los fondos ser\u00e1n destinados para educaci\u00f3n y viviendas.<\/p>\n<p>En el marco de la Ley Nacional N\u00b0 23.427 y la Ley Provincial N\u00b08.130 de creaci\u00f3n de un fondo para Educaci\u00f3n y Promoci\u00f3n Cooperativa, el gobierno de Entre R\u00edos a trav\u00e9s del Ministerio de Gobierno y Justicia y el Instituto de Promoci\u00f3n Cooperativas y Mutuales (Ipcymer), hizo entrega de subsidios por 350 mil pesos y un cr\u00e9dito de dos millones.<\/p>\n<p>Recibieron aportes, las cooperativas: Fe Cooperativa; Cooperativas Agropecuarias Federadas de Entre R\u00edos (Cafer) y Caminos Cooperativos. Las mismas, destinar\u00e1n los fondos a educaci\u00f3n y capacitaci\u00f3n para sus integrantes. Asimismo, el cr\u00e9dito de dos millones, entregado a Vicoer, ser\u00e1 utilizado para la extensi\u00f3n de cloacas y electricidad de 108 viviendas en Gualeguaych\u00fa.<\/p>\n<p>Las tres cooperativas que reciben aportes son asociaciones que brindan capacitaci\u00f3n a Escuelas e integrantes del cooperativismo entrerriano. \u201cDesde el Ministerio entendemos que la formaci\u00f3n es fundamental para continuar fortaleciendo la econom\u00eda social en la provincia\u201d, subray\u00f3 la ministra Rosario Romero.<\/p>\n<p>El presidente de Vicoer, Gast\u00f3n Grand, agradeci\u00f3 la intervenci\u00f3n del Ministerio de Gobierno y Justicia para la entrega de este pr\u00e9stamo \u201cque sin duda es de gran ayuda para la extensi\u00f3n de nexos cloacas y electricidad en estas viviendas de Gualeguaych\u00fa\u201d.<\/p>\n<p>Adem\u00e1s del cr\u00e9dito para viviendas, Vicoer recibi\u00f3 un aporte de 150 mil pesos. Que ser\u00e1 utilizado \u201cpara capacitaci\u00f3n en el marco de dos cooperativas escolares. Una de ellas ubicada en La Picada: la Asociaci\u00f3n Cooperativa Escuela Esp. N\u00b0 1 \u2018Zulema Embon\u2019 y la Escuela de Educaci\u00f3n Integral N\u00b0 31 \u2018Portales de Amor\u2019 de Cerrito. Estas capacitaciones se llevan adelante a trav\u00e9s de Fe Cooperativa; fundaci\u00f3n a trav\u00e9s de la cual Vicoer realiza sus acciones educativas\u201d, seg\u00fan detall\u00f3 Grand.<\/p>\n<p>En tanto, los aportes entregados a las Cooperativas Agropecuarias Federadas de Entre R\u00edos (Cafer), est\u00e1n destinados a capacitar a los 10 consejeros de cooperativas asociadas. Asimismo, la Cooperativa \u2018Caminos Cooperativos\u2019 de Gualeguaych\u00fa, destinar\u00e1 los fondos a capacitaci\u00f3n en cooperativismo y mutualismo en escuelas de la localidad.<\/p>\n<p>Estuvieron presentes junto a la ministra, el presidente del Instituto de Promoci\u00f3n Cooperativas y Mutuales de Entre R\u00edos (Ipcymer), Ricardo Etchemendy; el vicepresidente de Vicoer, Rolando Botti; el presidente de Cafer, Juan Adolfo Balbi; el gerente de Vicoer, Carlos Camarada; la secretaria, Ana David y la tesorera, Elba Palacio.<\/p>\n","protected":false},"excerpt":{"rendered":"<p>El gobierno provincial a trav\u00e9s del ministerio de Gobierno y Justicia y el Instituto de Promoci\u00f3n Cooperativas y Mutuales, entreg\u00f3 tres subsidios y un cr\u00e9dito a cooperativas de la provincia. Los fondos ser\u00e1n destinados para educaci\u00f3n y viviendas &nbsp; &nbsp; La ministra de Gobierno y Justicia, Rosario Romero, estuvo a cargo de la entrega de los tres subsidios y el cr\u00e9dito a cooperativas de la Provincia. Los fondos ser\u00e1n destinados para educaci\u00f3n y viviendas. En el marco de la Ley Nacional N\u00b0 23.427 y la Ley Provincial N\u00b08.130 de creaci\u00f3n&#8230;<\/p>\n","protected":false},"author":3,"featured_media":57893,"comment_status":"closed","ping_status":"closed","sticky":false,"template":"","format":"standard","meta":[],"categories":[15],"tags":[],"_links":{"self":[{"href":"https:\/\/www.actualidadadiario.com\/index.php\/wp-json\/wp\/v2\/posts\/57892"}],"collection":[{"href":"https:\/\/www.actualidadadiario.com\/index.php\/wp-json\/wp\/v2\/posts"}],"about":[{"href":"https:\/\/www.actualidadadiario.com\/index.php\/wp-json\/wp\/v2\/types\/post"}],"author":[{"embeddable":true,"href":"https:\/\/www.actualidadadiario.com\/index.php\/wp-json\/wp\/v2\/users\/3"}],"replies":[{"embeddable":true,"href":"https:\/\/www.actualidadadiario.com\/index.php\/wp-json\/wp\/v2\/comments?post=57892"}],"version-history":[{"count":1,"href":"https:\/\/www.actualidadadiario.com\/index.php\/wp-json\/wp\/v2\/posts\/57892\/revisions"}],"predecessor-version":[{"id":57894,"href":"https:\/\/www.actualidadadiario.com\/index.php\/wp-json\/wp\/v2\/posts\/57892\/revisions\/57894"}],"wp:featuredmedia":[{"embeddable":true,"href":"https:\/\/www.actualidadadiario.com\/index.php\/wp-json\/wp\/v2\/media\/57893"}],"wp:attachment":[{"href":"https:\/\/www.actualidadadiario.com\/index.php\/wp-json\/wp\/v2\/media?parent=57892"}],"wp:term":[{"taxonomy":"category","embeddable":true,"href":"https:\/\/www.actualidadadiario.com\/index.php\/wp-json\/wp\/v2\/categories?post=57892"},{"taxonomy":"post_tag","embeddable":true,"href":"https:\/\/www.actualidadadiario.com\/index.php\/wp-json\/wp\/v2\/tags?post=57892"}],"curies":[{"name":"wp","href":"https:\/\/api.w.org\/{rel}","templated":true}]}}