{"id":57886,"date":"2020-02-18T11:52:08","date_gmt":"2020-02-18T14:52:08","guid":{"rendered":"https:\/\/www.actualidadadiario.com\/?p=57886"},"modified":"2020-02-18T11:52:08","modified_gmt":"2020-02-18T14:52:08","slug":"bordet-este-sera-un-ano-de-grandes-desafios-y-mucho-trabajo","status":"publish","type":"post","link":"https:\/\/www.actualidadadiario.com\/index.php\/2020\/02\/18\/bordet-este-sera-un-ano-de-grandes-desafios-y-mucho-trabajo\/","title":{"rendered":"Bordet: \u201cEste ser\u00e1 un a\u00f1o de grandes desaf\u00edos y mucho trabajo\u201d"},"content":{"rendered":"<p style=\"text-align: center;\"><em><strong>El gobernador Gustavo Bordet reuni\u00f3 este lunes a su gabinete para abordar gestiones que est\u00e1 realizando la provincia junto a los municipios y el gobierno nacional para sostener obra p\u00fablica y acciones de contenci\u00f3n socio sanitaria<\/strong><\/em><\/p>\n<p>&nbsp;<\/p>\n<p>Al equipo de gobierno Bordet pidi\u00f3 optimizar el gasto y redoblar esfuerzos. \u201cEse ser\u00e1 un a\u00f1o de grandes desaf\u00edos y mucho trabajo\u201d, remarc\u00f3 acompa\u00f1ado por la vicegobernadora Laura Stratta.<\/p>\n<p>Durante el encuentro se brindaron precisiones sobre las agendas en salud, infraestructura p\u00fablica, seguridad, turismo y desarrollo social. En ese marco, se abordaron las obras escolares que se est\u00e1n llevando adelante previo al inicio del ciclo lectivo y las acciones de prevenci\u00f3n ante las enfermedades end\u00e9micas, como el dengue.<\/p>\n<p>En el Centro Provincial de Convenciones de Paran\u00e1 tuvo lugar este lunes la reuni\u00f3n de gabinete que convoc\u00f3 a los ministros de Planeamiento, Luis Benedetto; de Salud, Sonia Vel\u00e1zquez; de Desarrollo Social, Marisa Paira, y de Econom\u00eda, Hugo Ballay, adem\u00e1s de los legisladores \u00c1ngel Giano, Armando Gay y Juan Navarro, y funcionarios de las distintas \u00e1reas.<\/p>\n<p>Tras la reuni\u00f3n, el ministro Benedetto se\u00f1al\u00f3 que &#8220;el gobernador nos cit\u00f3 a los ministros y funcionarios del gabinete para dar las directivas precisas, parte de las cuales nosotros ya las estamos llevando adelante&#8221;.<\/p>\n<p>En lo que hace a su \u00e1rea, mencion\u00f3 que &#8220;en materia de Educaci\u00f3n, lo que es la infraestructura escolar, el Ministerio ha planteado un programa por el cual se est\u00e1 llevando adelante el mejoramiento y nuevos edificios escolares en toda la provincia; y tambi\u00e9n el Plan Verano, que tiene la finalidad de trabajar en esa temporada para que la infraestructura escolar est\u00e9 en condiciones de comenzar el ciclo lectivo&#8221;.<\/p>\n<p>Al respecto, afirm\u00f3 que &#8220;este plan se est\u00e1 llevando adelante con resultados muy buenos, y viene a satisfacer las necesidades prioritarias que han establecido en forma conjunta los directores de escuela con nuestro equipo de trabajo&#8221;.<\/p>\n<p>&nbsp;<\/p>\n<p><strong>Enfermedades end\u00e9micas<\/strong><\/p>\n<p>Por su parte, la ministra Sonia Vel\u00e1zquez coment\u00f3 que &#8220;el gobernador nos ha pedido una unidad de criterios a todos los sectores del gobierno provincial para abordar una pol\u00edtica p\u00fablica integral, inclusiva y con equidad en la justicia social; y eso es lo primordial&#8221;.<\/p>\n<p>En funci\u00f3n de eso, dijo que en lo que a su \u00e1rea se refiere, \u201cse dio cuenta de lo que se est\u00e1 haciendo desde el campo de la salud, ya que si bien tenemos un Ministerio de Salud que hemos recuperado a nivel nacional, estamos desarrollando acciones que tienen que ver con constituir redes de cuidado, para poder equilibrar el componente de la prevalencia en lo epis\u00f3dico, en la reparaci\u00f3n del da\u00f1o que estamos atravesando\u201d.<\/p>\n<p>En ese sentido, detall\u00f3 que \u201ctenemos una inversi\u00f3n millonaria del gobierno provincial, en lo que va de 2020, de m\u00e1s de 89 millones de pesos en concepto de drogas oncol\u00f3gicas, de insumos y prestaciones de alto costo; y por lo tanto estamos desarrollando acciones para los 210 centros de salud provinciales, sumando los municipales, en un trabajo conjunto con los municipios; y tambi\u00e9n con los 65 hospitales con internaci\u00f3n\u201d.<\/p>\n<p>Por otro lado, coment\u00f3 que \u201cteniendo en cuenta que la provincia en esta \u00e9poca estival est\u00e1 con las enfermedades end\u00e9micas propias de la \u00e9poca, donde el dengue es una de los principales, desde el inicio del a\u00f1o estamos desarrollando acciones con las municipalidades que ya tenemos relevadas\u201d.<\/p>\n<p>\u201cSe han detectado a la fecha 24 casos de dengue en la provincia, cuatro de ellos son aut\u00f3ctonos y 20 importados\u201d, afirm\u00f3 y anticip\u00f3 que la problem\u00e1tica &#8220;se va a agudizar un poco m\u00e1s en las pr\u00f3ximas semanas, producto del pico esperado&#8221;.<\/p>\n<p>Sin embargo, transmiti\u00f3 &#8220;tranquilidad a la poblaci\u00f3n porque estamos desarrollando todas las acciones de bloqueo y prevenci\u00f3n, de descacharrizaci\u00f3n, en conjunto con las \u00e1reas de Zoonosis de cada municipio\u201d.<\/p>\n<p>Por otra parte, agreg\u00f3 que \u201cnos estamos preparando conjuntamente con el Consejo General de Educaci\u00f3n para el inicio de la etapa escolar; nuestro sector salud desarrolla actividades de control de crecimiento y desarrollo del ni\u00f1o, sumados a los calendarios de vacunaci\u00f3n, que celebramos su recuperaci\u00f3n a nivel nacional y provincial\u201d.<\/p>\n<p>A la vez, mencion\u00f3 que se est\u00e1n llevando adelante \u201cacciones conjuntas en la Mesa Interinstitucional con el Ministerio de Desarrollo Social, para el control y evaluaci\u00f3n de los ni\u00f1os con d\u00e9ficit nutricional\u201d.<\/p>\n<p>&nbsp;<\/p>\n<p><strong>Laboratorio de Gen\u00e9ricos<\/strong><\/p>\n<p>En otro orden, en referencia al futuro Laboratorio de Gen\u00e9ricos que mencion\u00f3 el gobernador en su discurso en la Asamblea Legislativa, adelant\u00f3 que &#8220;se trata de un laboratorio p\u00fablico de medicamentos que se ha estudiado conjuntamente con un equipo m\u00e9dico externo que est\u00e1 asesorando a nuestro gobierno, y este a\u00f1o esperamos que se pueda concretar porque ser\u00e1 una innovaci\u00f3n, no solamente desde el punto de vista econ\u00f3mico financiero, sino que tambi\u00e9n responde a una pol\u00edtica p\u00fablica integral de medicamentos para la provincia de Entre R\u00edos\u201d.<\/p>\n<p>Adelant\u00f3 finalmente que \u201cse est\u00e1 estudiando conjuntamente con las autoridades nacionales de la Agencia Nacional de Laboratorios P\u00fablicos (Anlap), cu\u00e1l es la efectividad en cuanto a la mejor oportunidad del desarrollo espec\u00edfico de uno de los insumos\u201d.<\/p>\n<p>Para la ministra, \u201cesto va a ser una pol\u00edtica p\u00fablica que va a dejar una impronta en la provincia de sustentabilidad en el tiempo\u201d.<\/p>\n","protected":false},"excerpt":{"rendered":"<p>El gobernador Gustavo Bordet reuni\u00f3 este lunes a su gabinete para abordar gestiones que est\u00e1 realizando la provincia junto a los municipios y el gobierno nacional para sostener obra p\u00fablica y acciones de contenci\u00f3n socio sanitaria &nbsp; Al equipo de gobierno Bordet pidi\u00f3 optimizar el gasto y redoblar esfuerzos. \u201cEse ser\u00e1 un a\u00f1o de grandes desaf\u00edos y mucho trabajo\u201d, remarc\u00f3 acompa\u00f1ado por la vicegobernadora Laura Stratta. Durante el encuentro se brindaron precisiones sobre las agendas en salud, infraestructura p\u00fablica, seguridad, turismo y desarrollo social. En ese marco, se abordaron las&#8230;<\/p>\n","protected":false},"author":3,"featured_media":57887,"comment_status":"closed","ping_status":"closed","sticky":false,"template":"","format":"standard","meta":[],"categories":[9],"tags":[],"_links":{"self":[{"href":"https:\/\/www.actualidadadiario.com\/index.php\/wp-json\/wp\/v2\/posts\/57886"}],"collection":[{"href":"https:\/\/www.actualidadadiario.com\/index.php\/wp-json\/wp\/v2\/posts"}],"about":[{"href":"https:\/\/www.actualidadadiario.com\/index.php\/wp-json\/wp\/v2\/types\/post"}],"author":[{"embeddable":true,"href":"https:\/\/www.actualidadadiario.com\/index.php\/wp-json\/wp\/v2\/users\/3"}],"replies":[{"embeddable":true,"href":"https:\/\/www.actualidadadiario.com\/index.php\/wp-json\/wp\/v2\/comments?post=57886"}],"version-history":[{"count":1,"href":"https:\/\/www.actualidadadiario.com\/index.php\/wp-json\/wp\/v2\/posts\/57886\/revisions"}],"predecessor-version":[{"id":57888,"href":"https:\/\/www.actualidadadiario.com\/index.php\/wp-json\/wp\/v2\/posts\/57886\/revisions\/57888"}],"wp:featuredmedia":[{"embeddable":true,"href":"https:\/\/www.actualidadadiario.com\/index.php\/wp-json\/wp\/v2\/media\/57887"}],"wp:attachment":[{"href":"https:\/\/www.actualidadadiario.com\/index.php\/wp-json\/wp\/v2\/media?parent=57886"}],"wp:term":[{"taxonomy":"category","embeddable":true,"href":"https:\/\/www.actualidadadiario.com\/index.php\/wp-json\/wp\/v2\/categories?post=57886"},{"taxonomy":"post_tag","embeddable":true,"href":"https:\/\/www.actualidadadiario.com\/index.php\/wp-json\/wp\/v2\/tags?post=57886"}],"curies":[{"name":"wp","href":"https:\/\/api.w.org\/{rel}","templated":true}]}}