{"id":57878,"date":"2020-02-17T11:42:04","date_gmt":"2020-02-17T14:42:04","guid":{"rendered":"https:\/\/www.actualidadadiario.com\/?p=57878"},"modified":"2020-02-17T11:42:04","modified_gmt":"2020-02-17T14:42:04","slug":"evo-morales-volvio-a-la-argentina","status":"publish","type":"post","link":"https:\/\/www.actualidadadiario.com\/index.php\/2020\/02\/17\/evo-morales-volvio-a-la-argentina\/","title":{"rendered":"Evo Morales volvi\u00f3 a la Argentina"},"content":{"rendered":"<p style=\"text-align: center;\"><em><strong>El ex presidente de Bolivia Evo Morales regres\u00f3 ayer a la Argentina, tras su viaje a Cuba por motivos m\u00e9dicos, y realizar\u00e1 hoy una &#8220;reuni\u00f3n de planificaci\u00f3n rumbo al 3 de mayo&#8221;, d\u00eda en que se realizar\u00e1n las elecciones generales de Bolivia<\/strong><\/em><\/p>\n<p>&nbsp;<\/p>\n<p>&#8220;Quiero decirles que siento muy bien de salud, todav\u00eda sigo en Cuba pero hoy es mi viaje de retorno hacia la Rep\u00fablica de Argentina&#8221;, se\u00f1al\u00f3 Morales en declaraciones a radio Kawsachun Coca de Bolivia.<\/p>\n<p>En ese marco, confirm\u00f3 que hoy estar\u00e1 &#8220;todo el d\u00eda&#8221; en una &#8220;reuni\u00f3n de planificaci\u00f3n rumbo al 3 de mayo&#8221;, y ampli\u00f3: &#8220;Vienen los nueve dirigentes departamentales, tambi\u00e9n los nacionales del Movimiento Al Socialismo (MAS) y otros dirigentes&#8221;.<\/p>\n<p>&#8220;Estar\u00e1 el compa\u00f1ero aspirante a presidente Luis Arce Catacora y luego tiene una reuni\u00f3n con el presidente de Argentina Alberto Fern\u00e1ndez. Ser\u00e1 una reuni\u00f3n importante entre un candidato y un presidente&#8221;, anticip\u00f3 Morales.<\/p>\n<p>El ex mandatario de Bolivia, que viaj\u00f3 rumbo a Cuba el pasado 10 de febrero, se encontraba en la Argentina desde diciembre pasado, cuando fue invitado por el gobierno de Alberto Fern\u00e1ndez para quedarse en el pa\u00eds como refugiado.<\/p>\n","protected":false},"excerpt":{"rendered":"<p>El ex presidente de Bolivia Evo Morales regres\u00f3 ayer a la Argentina, tras su viaje a Cuba por motivos m\u00e9dicos, y realizar\u00e1 hoy una &#8220;reuni\u00f3n de planificaci\u00f3n rumbo al 3 de mayo&#8221;, d\u00eda en que se realizar\u00e1n las elecciones generales de Bolivia &nbsp; &#8220;Quiero decirles que siento muy bien de salud, todav\u00eda sigo en Cuba pero hoy es mi viaje de retorno hacia la Rep\u00fablica de Argentina&#8221;, se\u00f1al\u00f3 Morales en declaraciones a radio Kawsachun Coca de Bolivia. En ese marco, confirm\u00f3 que hoy estar\u00e1 &#8220;todo el d\u00eda&#8221; en una &#8220;reuni\u00f3n&#8230;<\/p>\n","protected":false},"author":3,"featured_media":55947,"comment_status":"closed","ping_status":"closed","sticky":false,"template":"","format":"standard","meta":[],"categories":[4],"tags":[],"_links":{"self":[{"href":"https:\/\/www.actualidadadiario.com\/index.php\/wp-json\/wp\/v2\/posts\/57878"}],"collection":[{"href":"https:\/\/www.actualidadadiario.com\/index.php\/wp-json\/wp\/v2\/posts"}],"about":[{"href":"https:\/\/www.actualidadadiario.com\/index.php\/wp-json\/wp\/v2\/types\/post"}],"author":[{"embeddable":true,"href":"https:\/\/www.actualidadadiario.com\/index.php\/wp-json\/wp\/v2\/users\/3"}],"replies":[{"embeddable":true,"href":"https:\/\/www.actualidadadiario.com\/index.php\/wp-json\/wp\/v2\/comments?post=57878"}],"version-history":[{"count":1,"href":"https:\/\/www.actualidadadiario.com\/index.php\/wp-json\/wp\/v2\/posts\/57878\/revisions"}],"predecessor-version":[{"id":57879,"href":"https:\/\/www.actualidadadiario.com\/index.php\/wp-json\/wp\/v2\/posts\/57878\/revisions\/57879"}],"wp:featuredmedia":[{"embeddable":true,"href":"https:\/\/www.actualidadadiario.com\/index.php\/wp-json\/wp\/v2\/media\/55947"}],"wp:attachment":[{"href":"https:\/\/www.actualidadadiario.com\/index.php\/wp-json\/wp\/v2\/media?parent=57878"}],"wp:term":[{"taxonomy":"category","embeddable":true,"href":"https:\/\/www.actualidadadiario.com\/index.php\/wp-json\/wp\/v2\/categories?post=57878"},{"taxonomy":"post_tag","embeddable":true,"href":"https:\/\/www.actualidadadiario.com\/index.php\/wp-json\/wp\/v2\/tags?post=57878"}],"curies":[{"name":"wp","href":"https:\/\/api.w.org\/{rel}","templated":true}]}}