{"id":57872,"date":"2020-02-17T11:40:45","date_gmt":"2020-02-17T14:40:45","guid":{"rendered":"https:\/\/www.actualidadadiario.com\/?p=57872"},"modified":"2020-02-17T11:40:45","modified_gmt":"2020-02-17T14:40:45","slug":"rescataran-a-los-argentinos-en-cuarentena-en-china","status":"publish","type":"post","link":"https:\/\/www.actualidadadiario.com\/index.php\/2020\/02\/17\/rescataran-a-los-argentinos-en-cuarentena-en-china\/","title":{"rendered":"Rescatar\u00e1n a los argentinos en cuarentena en China"},"content":{"rendered":"<p style=\"text-align: center;\"><em><strong>Ucrania anunci\u00f3 su disposici\u00f3n para trasladarlos y deber\u00e1n permanecer dos semanas en cuarentena en Europa antes de viajar a la Argentina<\/strong><\/em><\/p>\n<p>&nbsp;<\/p>\n<p>&nbsp;<\/p>\n<p>&nbsp;<\/p>\n<p>Los argentinos que se encuentran en Wuhan, China, en cuarentena por el Coronavirus, podr\u00e1n abandonar el pa\u00eds v\u00eda Kiev, Ucrania, seg\u00fan se confirm\u00f3 desde Canciller\u00eda, luego de que el pa\u00eds del este de Europa anunciara su disposici\u00f3n para trasladarlos.<\/p>\n<p>&#8220;El Gobierno de Ucrania ha informado, a trav\u00e9s de nuestra Embajada en Kiev, la disposici\u00f3n a brindar lugar para los ciudadanos argentinos que se encuentran en Wuhan, China, en un vuelo preparado por aquel pa\u00eds que parte el 18 y tiene previsto regresar a Kiev al d\u00eda siguiente, donde los pasajeros deber\u00e1n quedar en cuarentena por dos semanas&#8221;, se\u00f1ala el comunicado difundido por la Direcci\u00f3n de Prensa y Difusi\u00f3n del Ministerio de Relaciones Exteriores, Comercio Internacional y Culto.<\/p>\n<p>Los m\u00e1s de una docena argentinos que residen en la provincia china de Hubei, donde permanecen aislados por el brote de coronavirus, hab\u00edan solicitado al gobierno argentino su repatriaci\u00f3n a trav\u00e9s de un video y un comunicado que difundieron en redes sociales.<\/p>\n<p>Como respuesta, el c\u00f3nsul argentino en China, Juan Ort\u00edn, puso manos a la obra para que pudiera concretarse la posibilidad de repatriar a los compatriotras que viven en la ciudad china, aunque tuvo que aclarar que la evacuaci\u00f3n era &#8220;muy dif\u00edcil por la log\u00edstica&#8221;. Incluso, desestim\u00f3 que se pudiera establecer un plazo.<\/p>\n<p>&#8220;Argentina est\u00e1 evaluando la posibilidad (de repatriarlos). Es muy dif\u00edcil en cu\u00e1nto a la log\u00edstica pero se est\u00e1n viendo otras posibilidades para poder evacuarlos. Nuestra prioridad es asistirlos y ver la posibilidad de ayudarlos a salir&#8221;, afirm\u00f3 Ort\u00edn en di\u00e1logo con TN.<\/p>\n<p>En Wuhan hay 11 argentinos y 3 c\u00f3nyuges de compatriotas, lo que totaliza 14 personas, que desde hace tres semanas no pueden abandonar esa ciudad debido a los estrictos controles del gobierno chino para evitar que se propague la epidemia de neumon\u00eda viral que se detect\u00f3 en diciembre y fue bautizada como COVID-19.<\/p>\n<p>En cuanto a la situaci\u00f3n de los argentinos que pidieron en un video la repatriaci\u00f3n al Gobierno argentino, Ort\u00edn se\u00f1al\u00f3 que &#8220;est\u00e1n todos bien de salud, pero psicol\u00f3gicamente es muy desgastante estar encerrados en su casas o en habitaciones de universidades&#8221;, por lo que remarc\u00f3 que mantienen comunicaci\u00f3n con ellos.<\/p>\n<p>El vicecanciller argentino, Pablo Tettamanti, hab\u00eda adelantado que estaba en contacto con Ucrania para &#8220;ver qu\u00e9 posibilidades nos pueden ofrecer a nosotros pero no queremos generar falsas expectativas\u201d. Y relat\u00f3 que hubo una gesti\u00f3n para traer a los argentinos en un avi\u00f3n que repatri\u00f3 a brasile\u00f1os, &#8220;pero a \u00faltimo momento no hubo lugar&#8221;.<\/p>\n<p>Finalmente, la situaci\u00f3n pudo comenzar a resolverse hoy, aunque los argentinos a\u00fan deben pasar por una cuarentena de dos semanas en Europa.<\/p>\n<p>Los muertos por el COVID-19 en China aumentaron 143 el viernes y ya alcanzaron los 1.523 fallecidos, mientras que se contabilizaron 66.492 contagios, seg\u00fan el \u00faltimo balance de la Comisi\u00f3n Nacional de Salud de ese pa\u00eds.<\/p>\n","protected":false},"excerpt":{"rendered":"<p>Ucrania anunci\u00f3 su disposici\u00f3n para trasladarlos y deber\u00e1n permanecer dos semanas en cuarentena en Europa antes de viajar a la Argentina &nbsp; &nbsp; &nbsp; Los argentinos que se encuentran en Wuhan, China, en cuarentena por el Coronavirus, podr\u00e1n abandonar el pa\u00eds v\u00eda Kiev, Ucrania, seg\u00fan se confirm\u00f3 desde Canciller\u00eda, luego de que el pa\u00eds del este de Europa anunciara su disposici\u00f3n para trasladarlos. &#8220;El Gobierno de Ucrania ha informado, a trav\u00e9s de nuestra Embajada en Kiev, la disposici\u00f3n a brindar lugar para los ciudadanos argentinos que se encuentran en Wuhan,&#8230;<\/p>\n","protected":false},"author":3,"featured_media":57873,"comment_status":"closed","ping_status":"closed","sticky":false,"template":"","format":"standard","meta":[],"categories":[4],"tags":[],"_links":{"self":[{"href":"https:\/\/www.actualidadadiario.com\/index.php\/wp-json\/wp\/v2\/posts\/57872"}],"collection":[{"href":"https:\/\/www.actualidadadiario.com\/index.php\/wp-json\/wp\/v2\/posts"}],"about":[{"href":"https:\/\/www.actualidadadiario.com\/index.php\/wp-json\/wp\/v2\/types\/post"}],"author":[{"embeddable":true,"href":"https:\/\/www.actualidadadiario.com\/index.php\/wp-json\/wp\/v2\/users\/3"}],"replies":[{"embeddable":true,"href":"https:\/\/www.actualidadadiario.com\/index.php\/wp-json\/wp\/v2\/comments?post=57872"}],"version-history":[{"count":1,"href":"https:\/\/www.actualidadadiario.com\/index.php\/wp-json\/wp\/v2\/posts\/57872\/revisions"}],"predecessor-version":[{"id":57874,"href":"https:\/\/www.actualidadadiario.com\/index.php\/wp-json\/wp\/v2\/posts\/57872\/revisions\/57874"}],"wp:featuredmedia":[{"embeddable":true,"href":"https:\/\/www.actualidadadiario.com\/index.php\/wp-json\/wp\/v2\/media\/57873"}],"wp:attachment":[{"href":"https:\/\/www.actualidadadiario.com\/index.php\/wp-json\/wp\/v2\/media?parent=57872"}],"wp:term":[{"taxonomy":"category","embeddable":true,"href":"https:\/\/www.actualidadadiario.com\/index.php\/wp-json\/wp\/v2\/categories?post=57872"},{"taxonomy":"post_tag","embeddable":true,"href":"https:\/\/www.actualidadadiario.com\/index.php\/wp-json\/wp\/v2\/tags?post=57872"}],"curies":[{"name":"wp","href":"https:\/\/api.w.org\/{rel}","templated":true}]}}