{"id":57866,"date":"2020-02-17T11:39:20","date_gmt":"2020-02-17T14:39:20","guid":{"rendered":"https:\/\/www.actualidadadiario.com\/?p=57866"},"modified":"2020-02-17T11:39:20","modified_gmt":"2020-02-17T14:39:20","slug":"el-pj-hacia-el-recambio-de-autoridades","status":"publish","type":"post","link":"https:\/\/www.actualidadadiario.com\/index.php\/2020\/02\/17\/el-pj-hacia-el-recambio-de-autoridades\/","title":{"rendered":"El PJ hacia el recambio de autoridades"},"content":{"rendered":"<p style=\"text-align: center;\"><em><strong>El Consejo nacional del Partido Justicialista (PJ) se reunir\u00e1 esta semana en su sede de Matheu 130 con la intenci\u00f3n de convocar a su Congreso partidario para los primeros d\u00edas de marzo, ocasi\u00f3n en la que se definir\u00e1 la fecha para las internas que definir\u00e1n a las nuevas autoridades de ese espacio que integra el gobernante Frente de Todos<\/strong><\/em><\/p>\n<p>&nbsp;<\/p>\n<p>Los 75 consejeros se encontraran el mi\u00e9rcoles a las 15 en la sede de Matheu 130 &#8220;para ponerle fecha al pr\u00f3ximo Congreso que va a sesionar en la primera o segunda semana de marzo seguramente en el Club Ferro Carril Oeste, donde se definir\u00e1 la fecha de las internas y si no hay lista \u00fanica, la definici\u00f3n ser\u00e1 por aclamaci\u00f3n&#8221;.<\/p>\n<p>Una vez definida la conducci\u00f3n, el d\u00eda 6 de mayo se producir\u00e1 el recambio, que en esta ocasi\u00f3n deber\u00e1 dar lugar a la ley de paridad de g\u00e9nero, pero adem\u00e1s, dejar\u00e1 en el camino a varios de los actuales integrantes del Consejo nacional, entre ellos algunos peso pesados, tal el caso del ex gobernador Juan Manuel Urtubey (Salta) y el rionegrino Miguel Pichetto, ambos distanciados de la actual gesti\u00f3n nacional.<\/p>\n<p>En tanto que dirigentes como los ex gobernadores Daniel Scioli y Sergio Urribarri tampoco podr\u00e1n integran los \u00f3rganos partidarios por estar fuera del pa\u00eds ejerciendo cargos en embajadas como la de Brasil e Israel, respectivamente.<\/p>\n<p>Con ese escenario como tel\u00f3n de fondo, el gobernador Jorge Capitanich (Chaco) fue el primero en salir a mostrar su deseo de disputarle la titularidad del partido al diputado sanjuanino, Jos\u00e9 Luis Gioja.<\/p>\n<p>&#8220;Me encantar\u00eda formar parte de una discusi\u00f3n por la conducci\u00f3n del justicialismo, pero no para pelearme con otro compa\u00f1ero, porque sinceramente ac\u00e1 no se trata de vedetismos ni posiciones personales, sino de una visi\u00f3n colectiva&#8221;, precis\u00f3 Capitanich, quien advirti\u00f3 que &#8220;el rol del PJ en esta etapa deber ser distinto al actual&#8221;.<\/p>\n<p>El mandatario chaque\u00f1o explic\u00f3 que a su entender el peronismo &#8220;no solo tiene que ser la columna vertebral&#8221; del coalici\u00f3n gobernante nucleada en el Frente de Todos, sino que tambi\u00e9n deber\u00e1 &#8220;coadyuvar para que lo que es hoy una coalici\u00f3n electoral se pueda transformar en una confederaci\u00f3n de partidos, con una base de unidad de concepci\u00f3n para una unidad de acci\u00f3n&#8221;.<\/p>\n<p>Quien tambi\u00e9n sali\u00f3 a expresarse fue Gioja, actual titular del partido, quien neg\u00f3 la existencia de &#8220;internas dentro del Gobierno&#8221;, destac\u00f3 la unidad &#8220;en sus objetivos&#8221; por parte del Frente de Todos, aunque admiti\u00f3 que dentro del Poder Ejecutivo &#8220;hay debate, porque existen diversos pensamientos&#8221; y evit\u00f3 referirse a una eventual nueva postulaci\u00f3n para continuar al frente de ese espacio pol\u00edtico.<\/p>\n<p>Desde el entorno del ex gobernador, se\u00f1alaron que &#8220;Gioja -quien el 6 de mayo termina su mandato-, no tiene la voluntad ni la vocaci\u00f3n de ser candidato a menos que su nombre surja por amplio consenso&#8221;, y si eso no sucede, entienden que &#8220;su objetivo ya est\u00e1 cumplido, va a quedar en la historia como el titular del PJ que volvi\u00f3 a poner un presidente peronista en el Gobierno&#8221;.<\/p>\n<p>En el peronismo, consideran que ser\u00eda contraproducente que haya una puja interna, por lo que no descartan que los nombres de las pr\u00f3ximas autoridades partidarias surjan por consenso.<\/p>\n","protected":false},"excerpt":{"rendered":"<p>El Consejo nacional del Partido Justicialista (PJ) se reunir\u00e1 esta semana en su sede de Matheu 130 con la intenci\u00f3n de convocar a su Congreso partidario para los primeros d\u00edas de marzo, ocasi\u00f3n en la que se definir\u00e1 la fecha para las internas que definir\u00e1n a las nuevas autoridades de ese espacio que integra el gobernante Frente de Todos &nbsp; Los 75 consejeros se encontraran el mi\u00e9rcoles a las 15 en la sede de Matheu 130 &#8220;para ponerle fecha al pr\u00f3ximo Congreso que va a sesionar en la primera o&#8230;<\/p>\n","protected":false},"author":3,"featured_media":57867,"comment_status":"closed","ping_status":"closed","sticky":false,"template":"","format":"standard","meta":[],"categories":[18],"tags":[],"_links":{"self":[{"href":"https:\/\/www.actualidadadiario.com\/index.php\/wp-json\/wp\/v2\/posts\/57866"}],"collection":[{"href":"https:\/\/www.actualidadadiario.com\/index.php\/wp-json\/wp\/v2\/posts"}],"about":[{"href":"https:\/\/www.actualidadadiario.com\/index.php\/wp-json\/wp\/v2\/types\/post"}],"author":[{"embeddable":true,"href":"https:\/\/www.actualidadadiario.com\/index.php\/wp-json\/wp\/v2\/users\/3"}],"replies":[{"embeddable":true,"href":"https:\/\/www.actualidadadiario.com\/index.php\/wp-json\/wp\/v2\/comments?post=57866"}],"version-history":[{"count":1,"href":"https:\/\/www.actualidadadiario.com\/index.php\/wp-json\/wp\/v2\/posts\/57866\/revisions"}],"predecessor-version":[{"id":57868,"href":"https:\/\/www.actualidadadiario.com\/index.php\/wp-json\/wp\/v2\/posts\/57866\/revisions\/57868"}],"wp:featuredmedia":[{"embeddable":true,"href":"https:\/\/www.actualidadadiario.com\/index.php\/wp-json\/wp\/v2\/media\/57867"}],"wp:attachment":[{"href":"https:\/\/www.actualidadadiario.com\/index.php\/wp-json\/wp\/v2\/media?parent=57866"}],"wp:term":[{"taxonomy":"category","embeddable":true,"href":"https:\/\/www.actualidadadiario.com\/index.php\/wp-json\/wp\/v2\/categories?post=57866"},{"taxonomy":"post_tag","embeddable":true,"href":"https:\/\/www.actualidadadiario.com\/index.php\/wp-json\/wp\/v2\/tags?post=57866"}],"curies":[{"name":"wp","href":"https:\/\/api.w.org\/{rel}","templated":true}]}}