{"id":57859,"date":"2020-02-17T11:37:28","date_gmt":"2020-02-17T14:37:28","guid":{"rendered":"https:\/\/www.actualidadadiario.com\/?p=57859"},"modified":"2020-02-17T11:37:28","modified_gmt":"2020-02-17T14:37:28","slug":"doble-indemnizacion-el-beneficio-no-alcanza-a-los-trabajadores-estatales","status":"publish","type":"post","link":"https:\/\/www.actualidadadiario.com\/index.php\/2020\/02\/17\/doble-indemnizacion-el-beneficio-no-alcanza-a-los-trabajadores-estatales\/","title":{"rendered":"Doble indemnizaci\u00f3n: el beneficio no alcanza a los trabajadores estatales"},"content":{"rendered":"<p style=\"text-align: center;\"><em><strong>Es por el reclamo de que jer\u00e1rquicos de la administraci\u00f3n anterior reclamaran ese beneficio. Fue publicado en el Bolet\u00edn Oficial<\/strong><\/em><\/p>\n<p>&nbsp;<\/p>\n<p>&nbsp;<\/p>\n<p>El gobierno nacional aclar\u00f3, a trav\u00e9s de un decreto, que la doble indemnizaci\u00f3n por despido no se aplicar\u00e1 a los trabajadores del sector p\u00fablico, luego de que jer\u00e1rquicos de la administraci\u00f3n anterior reclamaran ese beneficio.<\/p>\n<p>Seg\u00fan record\u00f3 el decreto 156, publicado este lunes en el Bolet\u00edn Oficial, la doble indemnizaci\u00f3n fue restituida mediante el decreto 34\/2019 &#8220;para atender la situaci\u00f3n de vulnerabilidad de los sectores m\u00e1s desprotegidos y, al mismo tiempo, evitar que se acreciente el nivel de desprotecci\u00f3n de los trabajadores y trabajadoras formales, de modo de poder establecer pautas esenciales para el incremento de la demanda y la consecuente puesta en marcha del aparato productivo&#8221;.<\/p>\n<p>En ese marco, el Ejecutivo a\u00f1adi\u00f3 que al disponer de esa medida &#8220;se aludi\u00f3 a la din\u00e1mica del empleo asalariado registrado privado&#8221;.<\/p>\n<p>Por lo tanto, advirti\u00f3 en los considerandos de la nueva normativa, &#8220;una interpretaci\u00f3n que condujera a extender los alcances del referido decreto al \u00e1mbito del sector p\u00fablico nacional estar\u00eda desprovista de toda razonabilidad y, a la vez, implicar\u00eda un palmario apartamiento de la letra y el esp\u00edritu de la norma&#8221;.<\/p>\n<p>&#8220;No obstante ello, resulta necesario aclarar el alcance de esta \u00faltima, en lo referido al universo de las trabajadoras o trabajadores alcanzados, a fin de evitar eventuales distorsiones en la recta aplicaci\u00f3n de aqu\u00e9lla&#8221;, agreg\u00f3.<\/p>\n<p>Y concluy\u00f3 que decidi\u00f3 aclarar la norma puesto &#8220;que ha tomado estado p\u00fablico la situaci\u00f3n que se ha suscitado en el \u00e1mbito de distintos organismos y entidades del Sector P\u00fablico Nacional, en los que altos directivos con responsabilidades jer\u00e1rquicas pretenden encontrarse abarcados por las previsiones de la norma&#8221;.<\/p>\n<p>El decreto aclaratorio lleva las firmas del presidente Alberto Fern\u00e1ndez y de todos los ministros del gabinete nacional.<\/p>\n","protected":false},"excerpt":{"rendered":"<p>Es por el reclamo de que jer\u00e1rquicos de la administraci\u00f3n anterior reclamaran ese beneficio. Fue publicado en el Bolet\u00edn Oficial &nbsp; &nbsp; El gobierno nacional aclar\u00f3, a trav\u00e9s de un decreto, que la doble indemnizaci\u00f3n por despido no se aplicar\u00e1 a los trabajadores del sector p\u00fablico, luego de que jer\u00e1rquicos de la administraci\u00f3n anterior reclamaran ese beneficio. Seg\u00fan record\u00f3 el decreto 156, publicado este lunes en el Bolet\u00edn Oficial, la doble indemnizaci\u00f3n fue restituida mediante el decreto 34\/2019 &#8220;para atender la situaci\u00f3n de vulnerabilidad de los sectores m\u00e1s desprotegidos y,&#8230;<\/p>\n","protected":false},"author":3,"featured_media":57622,"comment_status":"closed","ping_status":"closed","sticky":false,"template":"","format":"standard","meta":[],"categories":[18],"tags":[],"_links":{"self":[{"href":"https:\/\/www.actualidadadiario.com\/index.php\/wp-json\/wp\/v2\/posts\/57859"}],"collection":[{"href":"https:\/\/www.actualidadadiario.com\/index.php\/wp-json\/wp\/v2\/posts"}],"about":[{"href":"https:\/\/www.actualidadadiario.com\/index.php\/wp-json\/wp\/v2\/types\/post"}],"author":[{"embeddable":true,"href":"https:\/\/www.actualidadadiario.com\/index.php\/wp-json\/wp\/v2\/users\/3"}],"replies":[{"embeddable":true,"href":"https:\/\/www.actualidadadiario.com\/index.php\/wp-json\/wp\/v2\/comments?post=57859"}],"version-history":[{"count":1,"href":"https:\/\/www.actualidadadiario.com\/index.php\/wp-json\/wp\/v2\/posts\/57859\/revisions"}],"predecessor-version":[{"id":57860,"href":"https:\/\/www.actualidadadiario.com\/index.php\/wp-json\/wp\/v2\/posts\/57859\/revisions\/57860"}],"wp:featuredmedia":[{"embeddable":true,"href":"https:\/\/www.actualidadadiario.com\/index.php\/wp-json\/wp\/v2\/media\/57622"}],"wp:attachment":[{"href":"https:\/\/www.actualidadadiario.com\/index.php\/wp-json\/wp\/v2\/media?parent=57859"}],"wp:term":[{"taxonomy":"category","embeddable":true,"href":"https:\/\/www.actualidadadiario.com\/index.php\/wp-json\/wp\/v2\/categories?post=57859"},{"taxonomy":"post_tag","embeddable":true,"href":"https:\/\/www.actualidadadiario.com\/index.php\/wp-json\/wp\/v2\/tags?post=57859"}],"curies":[{"name":"wp","href":"https:\/\/api.w.org\/{rel}","templated":true}]}}