{"id":57853,"date":"2020-02-17T11:36:09","date_gmt":"2020-02-17T14:36:09","guid":{"rendered":"https:\/\/www.actualidadadiario.com\/?p=57853"},"modified":"2020-02-17T11:44:12","modified_gmt":"2020-02-17T14:44:12","slug":"vanoli-y-las-jubilaciones-en-un-pais-devastado-se-privilegio-a-los-mas-vulnerables","status":"publish","type":"post","link":"https:\/\/www.actualidadadiario.com\/index.php\/2020\/02\/17\/vanoli-y-las-jubilaciones-en-un-pais-devastado-se-privilegio-a-los-mas-vulnerables\/","title":{"rendered":"Vanoli y las jubilaciones: &#8220;En un pa\u00eds devastado, se privilegi\u00f3 a los m\u00e1s vulnerables\u201d"},"content":{"rendered":"<p style=\"text-align: center;\"><em><strong>Tras los anuncios hechos el viernes por el presidente Alberto Fern\u00e1ndez, el titular de ANSES se refiri\u00f3 al alcance del aumento y prometi\u00f3 que la nueva movilidad \u201cse definir\u00e1 antes del aumento de junio&#8221;<\/strong><\/em><\/p>\n<p>&nbsp;<\/p>\n<p>&nbsp;<\/p>\n<p>El director de la ANSES, Alejandro Vanoli, defendi\u00f3 el aumento para los jubilados y beneficiarios de la de la asignaci\u00f3n universal por hijo anunciado el viernes por Alberto Fern\u00e1ndez, al afirmar que &#8220;en un pa\u00eds devastado, se privilegi\u00f3 a los m\u00e1s vulnerables\u201d y asegur\u00f3 que &#8220;el 75 por ciento&#8221; de los pasivos &#8220;le ganan al aumento que le hubiese otorgado la f\u00f3rmula de Cambiemos&#8221;.<\/p>\n<p>\u201cEn un pa\u00eds devastado, pr\u00e1cticamente en default y un sistema previsional vaciado, hay que empezar por los de abajo, los m\u00e1s vulnerables. Los jubilados de la m\u00ednima son la prioridad\u201d, explic\u00f3 este s\u00e1bado a La Red y asever\u00f3 que \u201cla f\u00f3rmula de Cambiemos no garantizaba que los jubilados le ganen a la inflaci\u00f3n\u201d.<\/p>\n<p>Las declaraciones ocurrieron luego de que el presidente Alberto Fern\u00e1ndez anunci\u00f3 que los haberes m\u00ednimos de jubilados y pensionados aumentar\u00e1n un 13 por ciento desde marzo, y el mismo porcentaje subir\u00e1n los montos de la Asignaci\u00f3n Universal por Hijo (AUH) y las dem\u00e1s asignaciones familiares. El incremento, que percibir\u00e1 la totalidad de los beneficiarios del r\u00e9gimen general, estar\u00e1 compuesto por una suma fija de 1.500 pesos m\u00e1s un monto extra del 2,3 por ciento.<\/p>\n<p>\u201cEl 86,8 por ciento de los que tienen jubilaciones, pensiones y asignaciones le ganan a la f\u00f3rmula que exist\u00eda durante el gobierno de Macri y eso es contundente\u201d, destac\u00f3 el titular de la ANSES y evalu\u00f3 que \u201cen otro tipo de Gobierno, esto terminaba en un ajuste brutal. Ahora estamos discutiendo como se redistribuyen las cargas\u201d.<\/p>\n<p>El funcionario remarc\u00f3 tambi\u00e9n que &#8220;se dio un aumento promedio cercano al 10 por ciento contra una inflaci\u00f3n del mes de enero de 2,3, sin olvidar que durante diciembre y enero se dieron bonos de 5 mil pesos y se duplic\u00f3 la asignaci\u00f3n\u201d.<\/p>\n<p>Consultado sobre la nueva f\u00f3rmula de movilidad jubilatoria, el funcionario nacional estim\u00f3 que \u201cse definir\u00e1 antes del aumento de junio&#8221; y consider\u00f3 que &#8220;no deber\u00eda ser muy diferente a la f\u00f3rmula que se utilizaba durante el kirchnerismo porque con esa f\u00f3rmula a la mayor\u00eda de los jubilados les fue mejor que con la f\u00f3rmula de Macri\u201d.<\/p>\n","protected":false},"excerpt":{"rendered":"<p>Tras los anuncios hechos el viernes por el presidente Alberto Fern\u00e1ndez, el titular de ANSES se refiri\u00f3 al alcance del aumento y prometi\u00f3 que la nueva movilidad \u201cse definir\u00e1 antes del aumento de junio&#8221; &nbsp; &nbsp; El director de la ANSES, Alejandro Vanoli, defendi\u00f3 el aumento para los jubilados y beneficiarios de la de la asignaci\u00f3n universal por hijo anunciado el viernes por Alberto Fern\u00e1ndez, al afirmar que &#8220;en un pa\u00eds devastado, se privilegi\u00f3 a los m\u00e1s vulnerables\u201d y asegur\u00f3 que &#8220;el 75 por ciento&#8221; de los pasivos &#8220;le ganan&#8230;<\/p>\n","protected":false},"author":3,"featured_media":57854,"comment_status":"closed","ping_status":"closed","sticky":false,"template":"","format":"standard","meta":[],"categories":[9,18],"tags":[],"_links":{"self":[{"href":"https:\/\/www.actualidadadiario.com\/index.php\/wp-json\/wp\/v2\/posts\/57853"}],"collection":[{"href":"https:\/\/www.actualidadadiario.com\/index.php\/wp-json\/wp\/v2\/posts"}],"about":[{"href":"https:\/\/www.actualidadadiario.com\/index.php\/wp-json\/wp\/v2\/types\/post"}],"author":[{"embeddable":true,"href":"https:\/\/www.actualidadadiario.com\/index.php\/wp-json\/wp\/v2\/users\/3"}],"replies":[{"embeddable":true,"href":"https:\/\/www.actualidadadiario.com\/index.php\/wp-json\/wp\/v2\/comments?post=57853"}],"version-history":[{"count":1,"href":"https:\/\/www.actualidadadiario.com\/index.php\/wp-json\/wp\/v2\/posts\/57853\/revisions"}],"predecessor-version":[{"id":57855,"href":"https:\/\/www.actualidadadiario.com\/index.php\/wp-json\/wp\/v2\/posts\/57853\/revisions\/57855"}],"wp:featuredmedia":[{"embeddable":true,"href":"https:\/\/www.actualidadadiario.com\/index.php\/wp-json\/wp\/v2\/media\/57854"}],"wp:attachment":[{"href":"https:\/\/www.actualidadadiario.com\/index.php\/wp-json\/wp\/v2\/media?parent=57853"}],"wp:term":[{"taxonomy":"category","embeddable":true,"href":"https:\/\/www.actualidadadiario.com\/index.php\/wp-json\/wp\/v2\/categories?post=57853"},{"taxonomy":"post_tag","embeddable":true,"href":"https:\/\/www.actualidadadiario.com\/index.php\/wp-json\/wp\/v2\/tags?post=57853"}],"curies":[{"name":"wp","href":"https:\/\/api.w.org\/{rel}","templated":true}]}}