{"id":57850,"date":"2020-02-17T11:35:27","date_gmt":"2020-02-17T14:35:27","guid":{"rendered":"https:\/\/www.actualidadadiario.com\/?p=57850"},"modified":"2020-02-17T11:35:27","modified_gmt":"2020-02-17T14:35:27","slug":"jubilacion-reforma-judicial-y-aborto-en-el-discurso-del-presidente-para-el-1-de-marzo","status":"publish","type":"post","link":"https:\/\/www.actualidadadiario.com\/index.php\/2020\/02\/17\/jubilacion-reforma-judicial-y-aborto-en-el-discurso-del-presidente-para-el-1-de-marzo\/","title":{"rendered":"Jubilaci\u00f3n, reforma judicial y aborto en el discurso del presidente para el 1 de marzo"},"content":{"rendered":"<p style=\"text-align: center;\"><em><strong>Alberto Fern\u00e1ndez trabaja en el discurso que dar\u00e1 para para la apertura de sesiones del Congreso mientras eval\u00faa si podr\u00e1 ir o no el mismo d\u00eda a Uruguay<\/strong><\/em><\/p>\n<p>&nbsp;<\/p>\n<p>&nbsp;<\/p>\n<p>El presidente Alberto Fern\u00e1ndez ya trabaja en el discurso que dar\u00e1 el 1 de marzo para para la apertura de sesiones del Congreso con temas como la nueva f\u00f3rmula de movilidad de los haberes previsionales y la reforma judicial, mientras eval\u00faa si podr\u00e1 ir o no el mismo d\u00eda a Uruguay.<\/p>\n<p>Fern\u00e1ndez se presentar\u00e1 ante la Asamblea Legislativa por primera vez desde que asumi\u00f3 la Presidencia para inaugurar el per\u00edodo de sesiones ordinarias del Congreso y, como todos sus antecesores, buscar\u00e1 marcar parte de la agenda parlamentaria para el a\u00f1o.<\/p>\n<p>En el entorno del Presidente indicaron que en su discurso har\u00e1 un resumen del cuadro de situaci\u00f3n que encontr\u00f3 luego de asumir el 10 de diciembre, tras cuatro a\u00f1os de gesti\u00f3n de Mauricio Macri, aunque evitar\u00eda ir al choque frontal contra Juntos por el Cambio, y luego se abocar\u00e1 a la agenda que piensa para el Congreso.<\/p>\n","protected":false},"excerpt":{"rendered":"<p>Alberto Fern\u00e1ndez trabaja en el discurso que dar\u00e1 para para la apertura de sesiones del Congreso mientras eval\u00faa si podr\u00e1 ir o no el mismo d\u00eda a Uruguay &nbsp; &nbsp; El presidente Alberto Fern\u00e1ndez ya trabaja en el discurso que dar\u00e1 el 1 de marzo para para la apertura de sesiones del Congreso con temas como la nueva f\u00f3rmula de movilidad de los haberes previsionales y la reforma judicial, mientras eval\u00faa si podr\u00e1 ir o no el mismo d\u00eda a Uruguay. Fern\u00e1ndez se presentar\u00e1 ante la Asamblea Legislativa por primera&#8230;<\/p>\n","protected":false},"author":3,"featured_media":57851,"comment_status":"closed","ping_status":"closed","sticky":false,"template":"","format":"standard","meta":[],"categories":[9],"tags":[],"_links":{"self":[{"href":"https:\/\/www.actualidadadiario.com\/index.php\/wp-json\/wp\/v2\/posts\/57850"}],"collection":[{"href":"https:\/\/www.actualidadadiario.com\/index.php\/wp-json\/wp\/v2\/posts"}],"about":[{"href":"https:\/\/www.actualidadadiario.com\/index.php\/wp-json\/wp\/v2\/types\/post"}],"author":[{"embeddable":true,"href":"https:\/\/www.actualidadadiario.com\/index.php\/wp-json\/wp\/v2\/users\/3"}],"replies":[{"embeddable":true,"href":"https:\/\/www.actualidadadiario.com\/index.php\/wp-json\/wp\/v2\/comments?post=57850"}],"version-history":[{"count":1,"href":"https:\/\/www.actualidadadiario.com\/index.php\/wp-json\/wp\/v2\/posts\/57850\/revisions"}],"predecessor-version":[{"id":57852,"href":"https:\/\/www.actualidadadiario.com\/index.php\/wp-json\/wp\/v2\/posts\/57850\/revisions\/57852"}],"wp:featuredmedia":[{"embeddable":true,"href":"https:\/\/www.actualidadadiario.com\/index.php\/wp-json\/wp\/v2\/media\/57851"}],"wp:attachment":[{"href":"https:\/\/www.actualidadadiario.com\/index.php\/wp-json\/wp\/v2\/media?parent=57850"}],"wp:term":[{"taxonomy":"category","embeddable":true,"href":"https:\/\/www.actualidadadiario.com\/index.php\/wp-json\/wp\/v2\/categories?post=57850"},{"taxonomy":"post_tag","embeddable":true,"href":"https:\/\/www.actualidadadiario.com\/index.php\/wp-json\/wp\/v2\/tags?post=57850"}],"curies":[{"name":"wp","href":"https:\/\/api.w.org\/{rel}","templated":true}]}}