{"id":57841,"date":"2020-02-17T11:33:24","date_gmt":"2020-02-17T14:33:24","guid":{"rendered":"https:\/\/www.actualidadadiario.com\/?p=57841"},"modified":"2020-02-17T11:33:24","modified_gmt":"2020-02-17T14:33:24","slug":"una-cooperativa-electrica-de-neuquen-incorpora-vehiculos-sustentables","status":"publish","type":"post","link":"https:\/\/www.actualidadadiario.com\/index.php\/2020\/02\/17\/una-cooperativa-electrica-de-neuquen-incorpora-vehiculos-sustentables\/","title":{"rendered":"Una cooperativa el\u00e9ctrica de Neuqu\u00e9n incorpora veh\u00edculos sustentables"},"content":{"rendered":"<p style=\"text-align: center;\"><em><strong>La cooperativa CALF present\u00f3 su plan de sustentabilidad ambiental con la incorporaci\u00f3n de cuatro unidades m\u00f3viles el\u00e9ctricas. Los cuatro &#8220;City Car&#8221; presentados tienen una autonom\u00eda de 100 kil\u00f3metros y alcanzan una velocidad m\u00e1xima de 40 kil\u00f3metros por hora. Son f\u00e1ciles de manejar y extremadamente seguros y silenciosos. Es la primera unidad de su tipo ciento por ciento fabricada en la Argentina, homologada para patentarse, asegurarse y circular por la calle<\/strong><\/em><\/p>\n<p>&nbsp;<\/p>\n<p>Esta iniciativa institucional pretende impulsar un cambio cultural y de conciencia ambiental en Neuqu\u00e9n y abarca tanto la generaci\u00f3n y la distribuci\u00f3n de energ\u00eda como la gesti\u00f3n, clasificaci\u00f3n y reciclado de residuos; adem\u00e1s de acciones a trav\u00e9s de la educaci\u00f3n para generar conciencia en el cuidado del h\u00e1bitat.<\/p>\n<p>CALF se define como una cooperativa productiva, competitiva, humana y sustentable y los compromisos asumidos, tanto en acciones internas como externas, van en ese sentido.<\/p>\n<p>&#8220;Todos somos responsables en el cuidado del ambiente. El cambio clim\u00e1tico no distingue fronteras f\u00edsicas, organismos, partidos pol\u00edticos ni posiciones econ\u00f3micas. Nos involucra a todos y las peque\u00f1as acciones que hacemos producen grandes cambios&#8221; destacaron.<\/p>\n<p>Adem\u00e1s de la incorporaci\u00f3n de las unidades el\u00e9ctricas como parte del objetivo de reducir la emisi\u00f3n de CO2 y gases de efecto invernadero, la cooperativa se fij\u00f3 como acciones a futuro: la colocaci\u00f3n de colilleros (las colillas de cigarrillo demoran hasta 10 a\u00f1os en descomponerse y son altamente contaminantes); la reducci\u00f3n, clasificaci\u00f3n de residuos de oficina y de procesos productivos (a partir de la reutilizaci\u00f3n y el reciclaje); un Plan de Forestaci\u00f3n y el fomento del compostaje para impulsar la separaci\u00f3n de residuos org\u00e1nicos domiciliarios.<\/p>\n","protected":false},"excerpt":{"rendered":"<p>La cooperativa CALF present\u00f3 su plan de sustentabilidad ambiental con la incorporaci\u00f3n de cuatro unidades m\u00f3viles el\u00e9ctricas. Los cuatro &#8220;City Car&#8221; presentados tienen una autonom\u00eda de 100 kil\u00f3metros y alcanzan una velocidad m\u00e1xima de 40 kil\u00f3metros por hora. Son f\u00e1ciles de manejar y extremadamente seguros y silenciosos. Es la primera unidad de su tipo ciento por ciento fabricada en la Argentina, homologada para patentarse, asegurarse y circular por la calle &nbsp; Esta iniciativa institucional pretende impulsar un cambio cultural y de conciencia ambiental en Neuqu\u00e9n y abarca tanto la generaci\u00f3n&#8230;<\/p>\n","protected":false},"author":3,"featured_media":57842,"comment_status":"closed","ping_status":"closed","sticky":false,"template":"","format":"standard","meta":[],"categories":[2],"tags":[],"_links":{"self":[{"href":"https:\/\/www.actualidadadiario.com\/index.php\/wp-json\/wp\/v2\/posts\/57841"}],"collection":[{"href":"https:\/\/www.actualidadadiario.com\/index.php\/wp-json\/wp\/v2\/posts"}],"about":[{"href":"https:\/\/www.actualidadadiario.com\/index.php\/wp-json\/wp\/v2\/types\/post"}],"author":[{"embeddable":true,"href":"https:\/\/www.actualidadadiario.com\/index.php\/wp-json\/wp\/v2\/users\/3"}],"replies":[{"embeddable":true,"href":"https:\/\/www.actualidadadiario.com\/index.php\/wp-json\/wp\/v2\/comments?post=57841"}],"version-history":[{"count":1,"href":"https:\/\/www.actualidadadiario.com\/index.php\/wp-json\/wp\/v2\/posts\/57841\/revisions"}],"predecessor-version":[{"id":57843,"href":"https:\/\/www.actualidadadiario.com\/index.php\/wp-json\/wp\/v2\/posts\/57841\/revisions\/57843"}],"wp:featuredmedia":[{"embeddable":true,"href":"https:\/\/www.actualidadadiario.com\/index.php\/wp-json\/wp\/v2\/media\/57842"}],"wp:attachment":[{"href":"https:\/\/www.actualidadadiario.com\/index.php\/wp-json\/wp\/v2\/media?parent=57841"}],"wp:term":[{"taxonomy":"category","embeddable":true,"href":"https:\/\/www.actualidadadiario.com\/index.php\/wp-json\/wp\/v2\/categories?post=57841"},{"taxonomy":"post_tag","embeddable":true,"href":"https:\/\/www.actualidadadiario.com\/index.php\/wp-json\/wp\/v2\/tags?post=57841"}],"curies":[{"name":"wp","href":"https:\/\/api.w.org\/{rel}","templated":true}]}}