{"id":57837,"date":"2020-02-17T11:32:09","date_gmt":"2020-02-17T14:32:09","guid":{"rendered":"https:\/\/www.actualidadadiario.com\/?p=57837"},"modified":"2020-02-17T11:32:09","modified_gmt":"2020-02-17T14:32:09","slug":"el-indec-difundira-esta-semana-el-nivel-de-caida-de-la-actividad-economica-en-2019","status":"publish","type":"post","link":"https:\/\/www.actualidadadiario.com\/index.php\/2020\/02\/17\/el-indec-difundira-esta-semana-el-nivel-de-caida-de-la-actividad-economica-en-2019\/","title":{"rendered":"El Indec difundir\u00e1 esta semana el nivel de ca\u00edda de la actividad econ\u00f3mica en 2019"},"content":{"rendered":"<p style=\"text-align: center;\"><em><strong>Los propios c\u00e1lculos oficiales estiman que rondar\u00eda el 2,3 % debido al menor nivel de desarrollo de la industria, la construcci\u00f3n y el comercio<\/strong><\/em><\/p>\n<p>&nbsp;<\/p>\n<p>&nbsp;<\/p>\n<p>El Instituto Nacional de Estad\u00edstica y Censos (Indec) dar\u00e1 a conocer esta semana el nivel de ca\u00edda de la actividad econ\u00f3mica durante todo el a\u00f1o pasado, el cual se ubicar\u00eda en torno al 2,3 % seg\u00fan los propios c\u00e1lculos oficiales, debido al menor nivel de desarrollo de la industria, la construcci\u00f3n y el comercio.<\/p>\n<p>El organismo informar\u00e1 el viernes los resultados del Estimador Mensual de la Actividad Econ\u00f3mica (EMAE), y en base a los resultados preliminares suministrados por el propio Indec, la ca\u00edda del PBI de 2019 estar\u00eda en l\u00ednea con la ser\u00eda verificada en 2018, cuando retrocedi\u00f3 2,5%.<\/p>\n<p>&nbsp;<\/p>\n<p><strong>Las expectativas del mercado<\/strong><\/p>\n<p>En medio de este panorama, los analistas del sector financiero incluidos en el Relevamiento de Expectativas del Mercado (REM) realizado por el Banco Central previeron para este a\u00f1o una baja del 1,5% en el PBI, lo que representa una rebaja de 0,1 punto porcentual respecto a la merma pronosticada en diciembre.<\/p>\n<p>&nbsp;<\/p>\n<p><strong>La actividad econ\u00f3mica<\/strong><\/p>\n<p>A su vez, estimaron que en el 2021 la actividad econ\u00f3mica se expandir\u00e1 1,7%, con 0,4 puntos porcentuales m\u00e1s de crecimiento que el c\u00e1lculo previo.<\/p>\n<p>Durante el a\u00f1o pasado la actividad industrial baj\u00f3 6,2%, impulsada por un retroceso de 22,2% en el sector automotriz; de 11,3% en prendas de vestir, cuero y calzado; de 8% en Industrias met\u00e1licas b\u00e1sicas; de 36,9% en &#8220;otro equipo de transporte&#8221;; de 14,6% en maquinaria y equipo; y de 8% en industrias met\u00e1licas b\u00e1sicas, entre otras.<\/p>\n<p>En este marco las perspectivas no son muy favorables. Consultados por el Indec sobre las expectativas para el primer trimestre del a\u00f1o, el 33% de los industriales encuestados consider\u00f3 que la demanda interna disminuir\u00e1, contra un 21,3% que conf\u00eda en que habr\u00e1 un aumento, mientras que el restante 45,7% no prev\u00e9 mayores cambios.<\/p>\n<p>&nbsp;<\/p>\n<p><strong>Las exportaciones<\/strong><\/p>\n<p>En cuanto a las exportaciones el panorama es m\u00e1s equilibrado: el 20,3% anticip\u00f3 una disminuci\u00f3n, contra un 19,1% que consider\u00f3 que aumentar\u00e1n, mientras que el restante 60,6% no prev\u00e9 mayores cambios.<\/p>\n<p>&nbsp;<\/p>\n<p><strong>La construcci\u00f3n<\/strong><\/p>\n<p>En el caso del sector de la construcci\u00f3n, la baja fue del 7,9% durante 2019 y en cuanto a las expectativas, el 37% de los empresarios consultados por el Indec, y vinculados a la obra privada consideraron que la actividad disminuir\u00e1 durante el primer trimestre del a\u00f1o, contra un 4,3% que anticip\u00f3 un aumento, mientras que el 58,7% no anticip\u00f3 mayores cambios.<\/p>\n<p>En tanto, entre quienes realizan obra p\u00fablica, el 54,1% anticip\u00f3 una disminuci\u00f3n, contra el 10,8% que consider\u00f3 que habr\u00e1 una suba, mientras que el restante 35,1% no prev\u00e9 cambios.<\/p>\n<p>&nbsp;<\/p>\n<p><strong>El consumo<\/strong><\/p>\n<p>En el caso del Consumo, el retroceso qued\u00f3 reflejado en el IVA impositivo, que registra la percepci\u00f3n de ese impuesto en el mercado interno, aument\u00f3 durante el a\u00f1o pasado 42,9% frente a un aumento de precios del 53,8%.<\/p>\n<p>Por contrapartida, si la ca\u00edda en el nivel general de la actividad econ\u00f3mica no fue mayor, se debi\u00f3 al incremento de la producci\u00f3n agropecuaria, solo en el sector agr\u00edcola se lograron casi 148 millones de toneladas, impulsadas por la mayor cosecha de trigo, ma\u00edz, y especialmente la soja, esta \u00faltima que se hab\u00eda visto afectada en el 2018 por una fuerte sequ\u00eda.<\/p>\n","protected":false},"excerpt":{"rendered":"<p>Los propios c\u00e1lculos oficiales estiman que rondar\u00eda el 2,3 % debido al menor nivel de desarrollo de la industria, la construcci\u00f3n y el comercio &nbsp; &nbsp; El Instituto Nacional de Estad\u00edstica y Censos (Indec) dar\u00e1 a conocer esta semana el nivel de ca\u00edda de la actividad econ\u00f3mica durante todo el a\u00f1o pasado, el cual se ubicar\u00eda en torno al 2,3 % seg\u00fan los propios c\u00e1lculos oficiales, debido al menor nivel de desarrollo de la industria, la construcci\u00f3n y el comercio. El organismo informar\u00e1 el viernes los resultados del Estimador Mensual&#8230;<\/p>\n","protected":false},"author":3,"featured_media":50807,"comment_status":"closed","ping_status":"closed","sticky":false,"template":"","format":"standard","meta":[],"categories":[2],"tags":[],"_links":{"self":[{"href":"https:\/\/www.actualidadadiario.com\/index.php\/wp-json\/wp\/v2\/posts\/57837"}],"collection":[{"href":"https:\/\/www.actualidadadiario.com\/index.php\/wp-json\/wp\/v2\/posts"}],"about":[{"href":"https:\/\/www.actualidadadiario.com\/index.php\/wp-json\/wp\/v2\/types\/post"}],"author":[{"embeddable":true,"href":"https:\/\/www.actualidadadiario.com\/index.php\/wp-json\/wp\/v2\/users\/3"}],"replies":[{"embeddable":true,"href":"https:\/\/www.actualidadadiario.com\/index.php\/wp-json\/wp\/v2\/comments?post=57837"}],"version-history":[{"count":1,"href":"https:\/\/www.actualidadadiario.com\/index.php\/wp-json\/wp\/v2\/posts\/57837\/revisions"}],"predecessor-version":[{"id":57838,"href":"https:\/\/www.actualidadadiario.com\/index.php\/wp-json\/wp\/v2\/posts\/57837\/revisions\/57838"}],"wp:featuredmedia":[{"embeddable":true,"href":"https:\/\/www.actualidadadiario.com\/index.php\/wp-json\/wp\/v2\/media\/50807"}],"wp:attachment":[{"href":"https:\/\/www.actualidadadiario.com\/index.php\/wp-json\/wp\/v2\/media?parent=57837"}],"wp:term":[{"taxonomy":"category","embeddable":true,"href":"https:\/\/www.actualidadadiario.com\/index.php\/wp-json\/wp\/v2\/categories?post=57837"},{"taxonomy":"post_tag","embeddable":true,"href":"https:\/\/www.actualidadadiario.com\/index.php\/wp-json\/wp\/v2\/tags?post=57837"}],"curies":[{"name":"wp","href":"https:\/\/api.w.org\/{rel}","templated":true}]}}