{"id":57832,"date":"2020-02-17T11:29:43","date_gmt":"2020-02-17T14:29:43","guid":{"rendered":"https:\/\/www.actualidadadiario.com\/?p=57832"},"modified":"2020-02-17T11:29:43","modified_gmt":"2020-02-17T14:29:43","slug":"hay-un-nuevo-alerta-por-tormentas-para-entre-rios","status":"publish","type":"post","link":"https:\/\/www.actualidadadiario.com\/index.php\/2020\/02\/17\/hay-un-nuevo-alerta-por-tormentas-para-entre-rios\/","title":{"rendered":"Hay un nuevo alerta por tormentas para Entre R\u00edos"},"content":{"rendered":"<p style=\"text-align: center;\"><em><strong>El Servicio Meteorol\u00f3gico Nacional (SMN) emiti\u00f3 un alerta para la provincia por tormentas fuertes a intensas y probable ca\u00edda de granizo<\/strong><\/em><\/p>\n<p>&nbsp;<\/p>\n<p>&nbsp;<\/p>\n<p>El SMN advirti\u00f3 que en el sur de Chaco, Corrientes, centro y norte de Entre R\u00edos y\u00a0 centro y norte de Santa Fe, se desarrollan tormentas de variada intensidad.<\/p>\n<p>Se espera que algunas de \u00e9stas puedan ser localmente fuertes y estar acompa\u00f1adas de fuerte actividad el\u00e9ctrica, abundante ca\u00edda de agua en cortos per\u00edodos, r\u00e1fagas y ca\u00edda de granizo. Las condiciones han mejorado temporariamente.<\/p>\n<p>Adem\u00e1s, el organismo alert\u00f3 que en Buenos Aires, sur de C\u00f3rdoba, sur de Entre R\u00edos, La Pampa, sudeste de Mendoza, San Luis, sur de Santa Fe, Ciudad Aut\u00f3noma de Buenos Aires y R\u00edo de la Plata han empezado a desarrollarse lluvias y tormentas en forma aislada.<\/p>\n<p>Se espera que estas comiencen a intensificarse entre la ma\u00f1ana y la tarde del d\u00eda de hoy, pudiendo ser algunas de ellas fuertes o severas y estar acompa\u00f1adas de fuerte actividad el\u00e9ctrica, abundante ca\u00edda de agua en cortos per\u00edodos, intensas r\u00e1fagas y ca\u00edda de granizo.<\/p>\n","protected":false},"excerpt":{"rendered":"<p>El Servicio Meteorol\u00f3gico Nacional (SMN) emiti\u00f3 un alerta para la provincia por tormentas fuertes a intensas y probable ca\u00edda de granizo &nbsp; &nbsp; El SMN advirti\u00f3 que en el sur de Chaco, Corrientes, centro y norte de Entre R\u00edos y\u00a0 centro y norte de Santa Fe, se desarrollan tormentas de variada intensidad. Se espera que algunas de \u00e9stas puedan ser localmente fuertes y estar acompa\u00f1adas de fuerte actividad el\u00e9ctrica, abundante ca\u00edda de agua en cortos per\u00edodos, r\u00e1fagas y ca\u00edda de granizo. Las condiciones han mejorado temporariamente. Adem\u00e1s, el organismo alert\u00f3&#8230;<\/p>\n","protected":false},"author":3,"featured_media":57833,"comment_status":"closed","ping_status":"closed","sticky":false,"template":"","format":"standard","meta":[],"categories":[15],"tags":[],"_links":{"self":[{"href":"https:\/\/www.actualidadadiario.com\/index.php\/wp-json\/wp\/v2\/posts\/57832"}],"collection":[{"href":"https:\/\/www.actualidadadiario.com\/index.php\/wp-json\/wp\/v2\/posts"}],"about":[{"href":"https:\/\/www.actualidadadiario.com\/index.php\/wp-json\/wp\/v2\/types\/post"}],"author":[{"embeddable":true,"href":"https:\/\/www.actualidadadiario.com\/index.php\/wp-json\/wp\/v2\/users\/3"}],"replies":[{"embeddable":true,"href":"https:\/\/www.actualidadadiario.com\/index.php\/wp-json\/wp\/v2\/comments?post=57832"}],"version-history":[{"count":1,"href":"https:\/\/www.actualidadadiario.com\/index.php\/wp-json\/wp\/v2\/posts\/57832\/revisions"}],"predecessor-version":[{"id":57834,"href":"https:\/\/www.actualidadadiario.com\/index.php\/wp-json\/wp\/v2\/posts\/57832\/revisions\/57834"}],"wp:featuredmedia":[{"embeddable":true,"href":"https:\/\/www.actualidadadiario.com\/index.php\/wp-json\/wp\/v2\/media\/57833"}],"wp:attachment":[{"href":"https:\/\/www.actualidadadiario.com\/index.php\/wp-json\/wp\/v2\/media?parent=57832"}],"wp:term":[{"taxonomy":"category","embeddable":true,"href":"https:\/\/www.actualidadadiario.com\/index.php\/wp-json\/wp\/v2\/categories?post=57832"},{"taxonomy":"post_tag","embeddable":true,"href":"https:\/\/www.actualidadadiario.com\/index.php\/wp-json\/wp\/v2\/tags?post=57832"}],"curies":[{"name":"wp","href":"https:\/\/api.w.org\/{rel}","templated":true}]}}