{"id":57830,"date":"2020-02-17T11:28:29","date_gmt":"2020-02-17T14:28:29","guid":{"rendered":"https:\/\/www.actualidadadiario.com\/?p=57830"},"modified":"2020-02-17T11:28:29","modified_gmt":"2020-02-17T14:28:29","slug":"empezo-la-distribucion-de-la-tarjeta-alimentar-en-la-provincia","status":"publish","type":"post","link":"https:\/\/www.actualidadadiario.com\/index.php\/2020\/02\/17\/empezo-la-distribucion-de-la-tarjeta-alimentar-en-la-provincia\/","title":{"rendered":"Empez\u00f3  la distribuci\u00f3n de la Tarjeta Alimentar en la provincia"},"content":{"rendered":"<p style=\"text-align: center;\"><em><strong>En 49 ciudades de seis departamentos de la provincia comenzaron este lunes los operativos de distribuci\u00f3n de la Tarjeta Alimentar, en el marco del Plan Argentina contra el Hambre al que adhiri\u00f3 Entre R\u00edos<\/strong><\/em><\/p>\n<p>&nbsp;<\/p>\n<p>&nbsp;<\/p>\n<p>\u201cA partir de este lunes habr\u00e1 operativos en 143 localidades que se extender\u00e1n por ocho d\u00edas. Iniciar\u00e1n en seis departamentos y estamos organizados para acercar una herramienta tan necesaria en estos tiempos, como es la Tarjeta Alimentar\u201d, indic\u00f3 la ministra de Desarrollo Social, Marisa Paira, durante la reuni\u00f3n organizativa.<\/p>\n<p>En ese sentido, se\u00f1al\u00f3: \u201cApostamos a un trabajo descentralizado, de labor conjunta entre la provincia y los municipios, como nos ha pedido el gobernar Gustavo Bordet, y vamos a acompa\u00f1ar cada proceso local m\u00e1s all\u00e1 de la entrega de la Tarjeta Alimentar. Cabe destacar que los operativos ser\u00e1n acompa\u00f1ados tambi\u00e9n por equipos de Salud y Educaci\u00f3n\u201d.<\/p>\n<p>A su vez, Paira plante\u00f3 la importancia del acompa\u00f1amiento de los trabajadores del Estado en los operativos: \u201cAgradezco la responsabilidad y la disposici\u00f3n de cada uno. Durante los operativos estar\u00e1n acompa\u00f1ados por funcionarios y por un equipo de trabajo. Atenderemos cada situaci\u00f3n y luego evaluaremos el proceso\u201d.<\/p>\n<p>Por su parte, la subsecretaria de Pol\u00edticas Comunitarias y Territoriales de la cartera social, Rosa Silva, apunt\u00f3: \u201cLa tarjeta es una herramienta inclusiva, de acceso a un plan alimentario nacional, que pone en din\u00e1mica no solo la cuesti\u00f3n alimentaria sino tambi\u00e9n a todos los eslabones de la econom\u00eda local\u201d.<\/p>\n<p>Sobre el acceso a esta pol\u00edtica de Estado, la funcionaria record\u00f3 que ser\u00e1 entregada a madres o padres con hijos e hijas de hasta 6 a\u00f1os que reciben la Asignaci\u00f3n Universal por Hijo (AUH), embarazadas a partir de los 3 meses que cobran la Asignaci\u00f3n por Embarazo y a personas con discapacidad que reciben la AUH.<\/p>\n<p>\u201cAnses va a citar al titular de derecho y el Banco Naci\u00f3n, que es el operador en Entre R\u00edos, entregar\u00e1 la tarjeta. En ning\u00fan momento la provincia ni el municipio manipular\u00e1 el pl\u00e1stico por seguridad bancaria\u201d, puntualiz\u00f3 Silva.<\/p>\n<p>El tercer viernes de cada mes la tarjeta se recargar\u00e1 de manera autom\u00e1tica, y no se podr\u00e1 extraer dinero en efectivo. Se podr\u00e1 comprar todo tipo de alimentos a excepci\u00f3n de bebidas alcoh\u00f3licas, en lugares que posean posnet.<\/p>\n<p>\u201cEl esp\u00edritu esencial del Plan es generar el proceso de acceso al derecho a la alimentaci\u00f3n y promover los dispositivos para sensibilizar tanto al productor como al comerciante local para que comiencen a tener un desarrollo esencial\u201d, resalt\u00f3 la subsecretaria, quien subray\u00f3: \u201cComo dicen el gobernador y la ministra Paira, no se trata solo de una tarjeta alimentaria. Es mucho m\u00e1s que eso, porque el Plan propone poner en marcha un circuito subjetivo y productivo\u201d.<\/p>\n<p>&nbsp;<\/p>\n<p><strong>Detalle de operativos en cada localidad<\/strong><\/p>\n<p>El lunes 17 la entrega cubrir\u00e1 las localidades de Concordia, Puerto Yer\u00faa, Los Charr\u00faas, La Criolla, Estancia Grande, Pedernal, Nueva Escocia, Estaci\u00f3n Yer\u00faa, El Redom\u00f3n, Colonia Ayu\u00ed, Colonia General Roca, Clodomiro Ledesma, Santa Anita, San Marcial, Rocamora, Pronunciamiento, Las Moscas, Estaci\u00f3n Libaros, Basavilvazo, Sosa, Las Tunas, Viale, San Benito, Oro Verde, El Pingo, Aldea Santa Mar\u00eda, Mar\u00eda Grande, Pueblo Brugo, Las Garzas, Hernandarias, Aldea San Rafael, Crespo, Colonia Avellaneda, Lucas Gonz\u00e1lez, Irazusta, Gilbert, Aldea San Juan, Aldea San Antonio, Urdinarrain, General Ram\u00edrez, Estaci\u00f3n Camps, Puerto General Alvear, Estaci\u00f3n Racedo, Colonia Ensayo, Aldea Valle Mar\u00eda, Aldea Spatzankuter, Aldea Salto, Aldea Protestante y Aldea Brasilera. Estas ciudades se encuentran en los departamentos de Uruguay, Paran\u00e1, Nogoy\u00e1, Gualeguaych\u00fa, Diamante y Concordia.<\/p>\n<p>El martes 18 las recibir\u00e1n las personas que recibir\u00e1n la tarjeta ser\u00e1n las de Las Guachas, Guardamonte, Gobernador Echag\u00fce, Estaci\u00f3n Sola, Durazno, Altamirano Sur, Rosario del Tala, Villa Urquiza, Sauce Pinto, Sauce Montrull, La Picada, El Palenque, Aldea Mar\u00eda Luisa, Paran\u00e1, Aranguren, Nogoy\u00e1, Aranguren, Febre, Betbeder, Don Crist\u00f3bal Segundo, Diamante, Villa Elisa, Ubajay, San Jos\u00e9, Pueblo Liebig, Pueblo Cazes, La Clarita, Hocker, Hambis, Arroyo Bar\u00fa y Col\u00f3n. Es decir que comprende a los departamentos de Tala, Paran\u00e1, Nogoy\u00e1, Diamante y Col\u00f3n.<\/p>\n<p>El mi\u00e9rcoles 19 se entregaran en Villa Mantero, Herrera, Gobernador Mansilla, San Salvador, General Campos, Paran\u00e1, Cerrito, Nogoy\u00e1, General Galarza, Sauce de Luna, Nueva Vizcaya, El Cimarr\u00f3n, Federal y Conscripto Bernardi. Comunidades de los departamentos de Federal, Gualeguay, Nogoy\u00e1, Paran\u00e1, San Salvador, Tala y Uruguay.<\/p>\n<p>El jueves 20 recibir\u00e1n los titulares de Las Cuevas, San Gustavo, Hern\u00e1ndez, Hasenkamp, Paran\u00e1, Concepci\u00f3n del Uruguay, Caseros, Colonia Elia, San Justo, Rinc\u00f3n de Nogoy\u00e1, Antelo, Laguna del Pescado y Victoria. Son seis los departamentos incluidos, Diamante, La Paz, Paran\u00e1, Nogoy\u00e1, Uruguay y Victoria.<\/p>\n<p>El viernes 21 recibir\u00e1n las tarjetas las personas de Libertador San Mart\u00edn, Federaci\u00f3n, Bovril, Colonia Avigdor, Sir Leonard, Alcaraz, Piedras Blancos, Segu\u00ed, Tabossi y Maci\u00e1. Este d\u00eda los operativos se realizar\u00e1n en los departamentos de Diamante, Federaci\u00f3n, La Paz, Paran\u00e1 y Tala.<\/p>\n<p>El mi\u00e9rcoles 26 de febrero se entregar\u00e1n en Chajar\u00ed, Colonia Alemana, Colonia La Argentina, Santa Ana, Villa del Rosario, Los Conquistadores, San Jaime de la Frontera, San Jos\u00e9 de Feliciano, San V\u00edctor y Santa Elena. Estas ciudades pertenecen a los departamentos Federaci\u00f3n y La Paz.<\/p>\n<p>El jueves 27 recibir\u00e1n los titulares de Gualeguaych\u00fa, Larroque, Pueblo General Belgrano, El Solar y La Paz. Son dos los departamentos involucrados en esta operatoria, Gualeguaych\u00fa y La Paz.<\/p>\n<p>Por \u00faltimo, el viernes 28 las entregas ser\u00e1n para Gualeguay, Aldea Asunci\u00f3n, Enrique Carb\u00f3, Gualeguaych\u00fa, Mojones Norte, Villa Clara, Villa Dom\u00ednguez, Villaguay, Estaci\u00f3n Ra\u00edces, Ingeniero Sajaroff, Jubileo, Paso de la Laguna, M\u00e9danos, Ceibas, Ibicuy y Villa Paranacito. Estas comunidades son de los departamentos de Gualeguay, Gualeguaych\u00fa, Villaguay e Islas.<\/p>\n<p>Vale aclarar que en algunas ciudades grandes los operativos se desarrollan en jornadas de dos o tres d\u00edas.<\/p>\n","protected":false},"excerpt":{"rendered":"<p>En 49 ciudades de seis departamentos de la provincia comenzaron este lunes los operativos de distribuci\u00f3n de la Tarjeta Alimentar, en el marco del Plan Argentina contra el Hambre al que adhiri\u00f3 Entre R\u00edos &nbsp; &nbsp; \u201cA partir de este lunes habr\u00e1 operativos en 143 localidades que se extender\u00e1n por ocho d\u00edas. Iniciar\u00e1n en seis departamentos y estamos organizados para acercar una herramienta tan necesaria en estos tiempos, como es la Tarjeta Alimentar\u201d, indic\u00f3 la ministra de Desarrollo Social, Marisa Paira, durante la reuni\u00f3n organizativa. En ese sentido, se\u00f1al\u00f3: \u201cApostamos&#8230;<\/p>\n","protected":false},"author":3,"featured_media":56709,"comment_status":"closed","ping_status":"closed","sticky":false,"template":"","format":"standard","meta":[],"categories":[9,15],"tags":[],"_links":{"self":[{"href":"https:\/\/www.actualidadadiario.com\/index.php\/wp-json\/wp\/v2\/posts\/57830"}],"collection":[{"href":"https:\/\/www.actualidadadiario.com\/index.php\/wp-json\/wp\/v2\/posts"}],"about":[{"href":"https:\/\/www.actualidadadiario.com\/index.php\/wp-json\/wp\/v2\/types\/post"}],"author":[{"embeddable":true,"href":"https:\/\/www.actualidadadiario.com\/index.php\/wp-json\/wp\/v2\/users\/3"}],"replies":[{"embeddable":true,"href":"https:\/\/www.actualidadadiario.com\/index.php\/wp-json\/wp\/v2\/comments?post=57830"}],"version-history":[{"count":1,"href":"https:\/\/www.actualidadadiario.com\/index.php\/wp-json\/wp\/v2\/posts\/57830\/revisions"}],"predecessor-version":[{"id":57831,"href":"https:\/\/www.actualidadadiario.com\/index.php\/wp-json\/wp\/v2\/posts\/57830\/revisions\/57831"}],"wp:featuredmedia":[{"embeddable":true,"href":"https:\/\/www.actualidadadiario.com\/index.php\/wp-json\/wp\/v2\/media\/56709"}],"wp:attachment":[{"href":"https:\/\/www.actualidadadiario.com\/index.php\/wp-json\/wp\/v2\/media?parent=57830"}],"wp:term":[{"taxonomy":"category","embeddable":true,"href":"https:\/\/www.actualidadadiario.com\/index.php\/wp-json\/wp\/v2\/categories?post=57830"},{"taxonomy":"post_tag","embeddable":true,"href":"https:\/\/www.actualidadadiario.com\/index.php\/wp-json\/wp\/v2\/tags?post=57830"}],"curies":[{"name":"wp","href":"https:\/\/api.w.org\/{rel}","templated":true}]}}