{"id":57828,"date":"2020-02-17T11:27:45","date_gmt":"2020-02-17T14:27:45","guid":{"rendered":"https:\/\/www.actualidadadiario.com\/?p=57828"},"modified":"2020-02-17T11:27:45","modified_gmt":"2020-02-17T14:27:45","slug":"la-rojo-y-negro-de-agmer-le-reclama-a-bordet-que-no-toque-la-caja-de-jubilaciones","status":"publish","type":"post","link":"https:\/\/www.actualidadadiario.com\/index.php\/2020\/02\/17\/la-rojo-y-negro-de-agmer-le-reclama-a-bordet-que-no-toque-la-caja-de-jubilaciones\/","title":{"rendered":"La Rojo y Negro de Agmer le reclama a Bordet que &#8220;no toque&#8221; la Caja de Jubilaciones"},"content":{"rendered":"<p style=\"text-align: center;\"><em><strong>Desde la agrupaci\u00f3n aseguraron que el gobernador Gustavo Bordet blanque\u00f3 en la apertura de las sesiones legislativas que se realiz\u00f3 este s\u00e1bado &#8220;su intenci\u00f3n de reformar el R\u00e9gimen Jubilatorio provincial&#8221;. Al respecto, indicaron que lo hizo sin mencionar las palabras \u201creforma\u201d, ni \u201cajuste\u201d, &#8220;disfrazando todo bajo el retorcido t\u00e9rmino \u201csustentabilidad\u201d y, como es costumbre, trat\u00f3 de culpar a los trabajadores por esta situaci\u00f3n&#8221;<\/strong><\/em><\/p>\n<p>&nbsp;<\/p>\n<p>&nbsp;<\/p>\n<p>&#8220;No asumi\u00f3 en lo m\u00e1s m\u00ednimo la responsabilidad que le cabe a toda la clase pol\u00edtica por los desmanejos que los sucesivos gobiernos han aplicado sobre nuestra Caja y que venimos denunciando desde hace d\u00e9cadas. Ahora resulta que quienes fueron los autores del saqueo de nuestro R\u00e9gimen a trav\u00e9s de mil m\u00e9todos son los que hoy encabezan la reforma, para cobrarnos a los trabajadores el precio de un nuevo ajuste&#8221;, sostuvieron desde la Rojo y Negro.<\/p>\n<p>En ese sentido, advirtieron que defender\u00e1n el R\u00e9gimen Jubilatorio &#8220;en la calle y de forma irrestricta. No hay ninguna \u201csustentabilidad\u201d que discutir en ninguna comisi\u00f3n, porque hemos sido claros a cada instante. La Ley 8732 y la Caja de Jubilaciones son de los trabajadores, cualquier cambio significar\u00eda p\u00e9rdida de derechos, es lo \u00fanico que cabe decir ante las expresiones de Bordet y lo seguiremos sosteniendo&#8221;.<\/p>\n<p>&#8220;Que ni se les ocurra seguir cargando sobre nuestras espaldas el ajuste, la \u00fanica salida est\u00e1 que los bolsillos de los sectores concentrados y de quienes nos cobran la deuda fraudulenta. Seremos todos los trabajadores, activos y jubilados, unidos y movilizados, en la calle los que pararemos este nuevo saqueo. Tenemos sobrada experiencia en ello&#8221;, finalizaron.<\/p>\n","protected":false},"excerpt":{"rendered":"<p>Desde la agrupaci\u00f3n aseguraron que el gobernador Gustavo Bordet blanque\u00f3 en la apertura de las sesiones legislativas que se realiz\u00f3 este s\u00e1bado &#8220;su intenci\u00f3n de reformar el R\u00e9gimen Jubilatorio provincial&#8221;. Al respecto, indicaron que lo hizo sin mencionar las palabras \u201creforma\u201d, ni \u201cajuste\u201d, &#8220;disfrazando todo bajo el retorcido t\u00e9rmino \u201csustentabilidad\u201d y, como es costumbre, trat\u00f3 de culpar a los trabajadores por esta situaci\u00f3n&#8221; &nbsp; &nbsp; &#8220;No asumi\u00f3 en lo m\u00e1s m\u00ednimo la responsabilidad que le cabe a toda la clase pol\u00edtica por los desmanejos que los sucesivos gobiernos han aplicado&#8230;<\/p>\n","protected":false},"author":3,"featured_media":57110,"comment_status":"closed","ping_status":"closed","sticky":false,"template":"","format":"standard","meta":[],"categories":[15],"tags":[],"_links":{"self":[{"href":"https:\/\/www.actualidadadiario.com\/index.php\/wp-json\/wp\/v2\/posts\/57828"}],"collection":[{"href":"https:\/\/www.actualidadadiario.com\/index.php\/wp-json\/wp\/v2\/posts"}],"about":[{"href":"https:\/\/www.actualidadadiario.com\/index.php\/wp-json\/wp\/v2\/types\/post"}],"author":[{"embeddable":true,"href":"https:\/\/www.actualidadadiario.com\/index.php\/wp-json\/wp\/v2\/users\/3"}],"replies":[{"embeddable":true,"href":"https:\/\/www.actualidadadiario.com\/index.php\/wp-json\/wp\/v2\/comments?post=57828"}],"version-history":[{"count":1,"href":"https:\/\/www.actualidadadiario.com\/index.php\/wp-json\/wp\/v2\/posts\/57828\/revisions"}],"predecessor-version":[{"id":57829,"href":"https:\/\/www.actualidadadiario.com\/index.php\/wp-json\/wp\/v2\/posts\/57828\/revisions\/57829"}],"wp:featuredmedia":[{"embeddable":true,"href":"https:\/\/www.actualidadadiario.com\/index.php\/wp-json\/wp\/v2\/media\/57110"}],"wp:attachment":[{"href":"https:\/\/www.actualidadadiario.com\/index.php\/wp-json\/wp\/v2\/media?parent=57828"}],"wp:term":[{"taxonomy":"category","embeddable":true,"href":"https:\/\/www.actualidadadiario.com\/index.php\/wp-json\/wp\/v2\/categories?post=57828"},{"taxonomy":"post_tag","embeddable":true,"href":"https:\/\/www.actualidadadiario.com\/index.php\/wp-json\/wp\/v2\/tags?post=57828"}],"curies":[{"name":"wp","href":"https:\/\/api.w.org\/{rel}","templated":true}]}}