{"id":57826,"date":"2020-02-17T11:27:07","date_gmt":"2020-02-17T14:27:07","guid":{"rendered":"https:\/\/www.actualidadadiario.com\/?p=57826"},"modified":"2020-02-17T11:27:07","modified_gmt":"2020-02-17T14:27:07","slug":"la-magistratura-entrerriana-expreso-su-disposicion-para-trabajar-en-la-reforma-judicial-anunciada-por-bordet","status":"publish","type":"post","link":"https:\/\/www.actualidadadiario.com\/index.php\/2020\/02\/17\/la-magistratura-entrerriana-expreso-su-disposicion-para-trabajar-en-la-reforma-judicial-anunciada-por-bordet\/","title":{"rendered":"La Magistratura entrerriana expres\u00f3 su disposici\u00f3n para trabajar en la reforma judicial anunciada por Bordet"},"content":{"rendered":"<p style=\"text-align: center;\"><em><strong>Tras el informe brindado por el gobernador Gustavo Bordet en la inauguraci\u00f3n del 141\u00ba per\u00edodo de sesiones ordinarias de la Legislatura, la Asociaci\u00f3n de la Magistratura y la Funci\u00f3n Judicial de Entre R\u00edos reiter\u00f3, que \u201cest\u00e1 disponible para trabajar, como siempre lo ha hecho, a las convocatorias de los poderes p\u00fablicos en pos de mejorar las instituciones\u201d<\/strong><\/em><\/p>\n<p>&nbsp;<\/p>\n<p>La entidad que nuclea a los jueces y las juezas y los funcionarios y las funcionarias del Poder Judicial entrerriano expres\u00f3 su disposici\u00f3n, siempre que sea convocada, para trabajar en lo que anunci\u00f3 el mandatario entrerriano respecto a la reforma de la ley org\u00e1nica del Poder Judicial. \u201cCoincidimos en que es necesario el fortalecimiento de los mecanismos para garantizar los derechos y brindar m\u00e1s y mejor seguridad jur\u00eddica, por eso estamos a disposici\u00f3n para aportar nuestra opini\u00f3n en la materia, porque tenemos compromiso y dedicaci\u00f3n\u201d, se indic\u00f3 desde la entidad.<\/p>\n<p>En ese sentido, la Asociaci\u00f3n de la Magistratura reconoci\u00f3 que las reformas al sistema penal, o la Ley de Procedimientos Constitucionales y C\u00f3digo Procesal de Familia, se lograron por el trabajo articulado entre los poderes.<\/p>\n<p>\u201cQuedan muchos otros temas que reformar y debatir, como lo ha anunciado el Gobernador, entre ellas, la ley org\u00e1nica de tribunales. Estaremos todas las veces que sean necesarias y que se nos convoque para aportar nuestras ideas y as\u00ed contar con un dise\u00f1o judicial\u201d, indic\u00f3 la entidad.<\/p>\n","protected":false},"excerpt":{"rendered":"<p>Tras el informe brindado por el gobernador Gustavo Bordet en la inauguraci\u00f3n del 141\u00ba per\u00edodo de sesiones ordinarias de la Legislatura, la Asociaci\u00f3n de la Magistratura y la Funci\u00f3n Judicial de Entre R\u00edos reiter\u00f3, que \u201cest\u00e1 disponible para trabajar, como siempre lo ha hecho, a las convocatorias de los poderes p\u00fablicos en pos de mejorar las instituciones\u201d &nbsp; La entidad que nuclea a los jueces y las juezas y los funcionarios y las funcionarias del Poder Judicial entrerriano expres\u00f3 su disposici\u00f3n, siempre que sea convocada, para trabajar en lo que&#8230;<\/p>\n","protected":false},"author":3,"featured_media":40221,"comment_status":"closed","ping_status":"closed","sticky":false,"template":"","format":"standard","meta":[],"categories":[15],"tags":[],"_links":{"self":[{"href":"https:\/\/www.actualidadadiario.com\/index.php\/wp-json\/wp\/v2\/posts\/57826"}],"collection":[{"href":"https:\/\/www.actualidadadiario.com\/index.php\/wp-json\/wp\/v2\/posts"}],"about":[{"href":"https:\/\/www.actualidadadiario.com\/index.php\/wp-json\/wp\/v2\/types\/post"}],"author":[{"embeddable":true,"href":"https:\/\/www.actualidadadiario.com\/index.php\/wp-json\/wp\/v2\/users\/3"}],"replies":[{"embeddable":true,"href":"https:\/\/www.actualidadadiario.com\/index.php\/wp-json\/wp\/v2\/comments?post=57826"}],"version-history":[{"count":1,"href":"https:\/\/www.actualidadadiario.com\/index.php\/wp-json\/wp\/v2\/posts\/57826\/revisions"}],"predecessor-version":[{"id":57827,"href":"https:\/\/www.actualidadadiario.com\/index.php\/wp-json\/wp\/v2\/posts\/57826\/revisions\/57827"}],"wp:featuredmedia":[{"embeddable":true,"href":"https:\/\/www.actualidadadiario.com\/index.php\/wp-json\/wp\/v2\/media\/40221"}],"wp:attachment":[{"href":"https:\/\/www.actualidadadiario.com\/index.php\/wp-json\/wp\/v2\/media?parent=57826"}],"wp:term":[{"taxonomy":"category","embeddable":true,"href":"https:\/\/www.actualidadadiario.com\/index.php\/wp-json\/wp\/v2\/categories?post=57826"},{"taxonomy":"post_tag","embeddable":true,"href":"https:\/\/www.actualidadadiario.com\/index.php\/wp-json\/wp\/v2\/tags?post=57826"}],"curies":[{"name":"wp","href":"https:\/\/api.w.org\/{rel}","templated":true}]}}