{"id":57823,"date":"2020-02-17T11:26:12","date_gmt":"2020-02-17T14:26:12","guid":{"rendered":"https:\/\/www.actualidadadiario.com\/?p=57823"},"modified":"2020-02-17T11:26:12","modified_gmt":"2020-02-17T14:26:12","slug":"primera-quincena-de-febrero-mas-de-50-mil-personas-ingresaron-al-parque-termal-y-acuatico-de-federacion","status":"publish","type":"post","link":"https:\/\/www.actualidadadiario.com\/index.php\/2020\/02\/17\/primera-quincena-de-febrero-mas-de-50-mil-personas-ingresaron-al-parque-termal-y-acuatico-de-federacion\/","title":{"rendered":"Primera quincena de febrero: M\u00e1s de 50 mil personas ingresaron al Parque Termal y Acu\u00e1tico de Federaci\u00f3n"},"content":{"rendered":"<p style=\"text-align: center;\"><em><strong>Desde la administraci\u00f3n del Parque Termal y Acu\u00e1tico informaron que, durante la primera quincena de febrero, se vendieron 52.663 entradas<\/strong><\/em><\/p>\n<p>&nbsp;<\/p>\n<p>Los n\u00fameros confirman la tendencia positiva de esta temporada, ya que representan un incremento del 14 % respecto del mismo per\u00edodo en el a\u00f1o 2019.<\/p>\n<p>En tanto, en lo que va del 2020 ya se superaron los 150 mil ingresos al Parque. Hasta el pasado s\u00e1bado 15 de febrero se hab\u00edan vendido 151.370 entradas.<\/p>\n","protected":false},"excerpt":{"rendered":"<p>Desde la administraci\u00f3n del Parque Termal y Acu\u00e1tico informaron que, durante la primera quincena de febrero, se vendieron 52.663 entradas &nbsp; Los n\u00fameros confirman la tendencia positiva de esta temporada, ya que representan un incremento del 14 % respecto del mismo per\u00edodo en el a\u00f1o 2019. En tanto, en lo que va del 2020 ya se superaron los 150 mil ingresos al Parque. Hasta el pasado s\u00e1bado 15 de febrero se hab\u00edan vendido 151.370 entradas.<\/p>\n","protected":false},"author":3,"featured_media":57824,"comment_status":"closed","ping_status":"closed","sticky":false,"template":"","format":"standard","meta":[],"categories":[15],"tags":[],"_links":{"self":[{"href":"https:\/\/www.actualidadadiario.com\/index.php\/wp-json\/wp\/v2\/posts\/57823"}],"collection":[{"href":"https:\/\/www.actualidadadiario.com\/index.php\/wp-json\/wp\/v2\/posts"}],"about":[{"href":"https:\/\/www.actualidadadiario.com\/index.php\/wp-json\/wp\/v2\/types\/post"}],"author":[{"embeddable":true,"href":"https:\/\/www.actualidadadiario.com\/index.php\/wp-json\/wp\/v2\/users\/3"}],"replies":[{"embeddable":true,"href":"https:\/\/www.actualidadadiario.com\/index.php\/wp-json\/wp\/v2\/comments?post=57823"}],"version-history":[{"count":1,"href":"https:\/\/www.actualidadadiario.com\/index.php\/wp-json\/wp\/v2\/posts\/57823\/revisions"}],"predecessor-version":[{"id":57825,"href":"https:\/\/www.actualidadadiario.com\/index.php\/wp-json\/wp\/v2\/posts\/57823\/revisions\/57825"}],"wp:featuredmedia":[{"embeddable":true,"href":"https:\/\/www.actualidadadiario.com\/index.php\/wp-json\/wp\/v2\/media\/57824"}],"wp:attachment":[{"href":"https:\/\/www.actualidadadiario.com\/index.php\/wp-json\/wp\/v2\/media?parent=57823"}],"wp:term":[{"taxonomy":"category","embeddable":true,"href":"https:\/\/www.actualidadadiario.com\/index.php\/wp-json\/wp\/v2\/categories?post=57823"},{"taxonomy":"post_tag","embeddable":true,"href":"https:\/\/www.actualidadadiario.com\/index.php\/wp-json\/wp\/v2\/tags?post=57823"}],"curies":[{"name":"wp","href":"https:\/\/api.w.org\/{rel}","templated":true}]}}