{"id":57805,"date":"2020-02-14T12:23:59","date_gmt":"2020-02-14T15:23:59","guid":{"rendered":"https:\/\/www.actualidadadiario.com\/?p=57805"},"modified":"2020-02-14T12:23:59","modified_gmt":"2020-02-14T15:23:59","slug":"lula-y-el-papa-por-un-mundo-mas-justo","status":"publish","type":"post","link":"https:\/\/www.actualidadadiario.com\/index.php\/2020\/02\/14\/lula-y-el-papa-por-un-mundo-mas-justo\/","title":{"rendered":"Lula y el Papa, &#8220;por un  mundo m\u00e1s justo&#8221;"},"content":{"rendered":"<p style=\"text-align: center;\"><em><strong>En un encuentro con los periodistas, Lula precis\u00f3 que con Francisco habl\u00f3 de las \u201cdesigualdades\u201d en el mundo y de las \u201cpol\u00edticas de defensa del medio ambiente\u201d<\/strong><\/em><\/p>\n<p>&nbsp;<\/p>\n<p>&nbsp;<\/p>\n<p>El ex presidente brasile\u00f1o Luiz Inacio Lula Da Silva, en un s\u00f3lo d\u00eda de estad\u00eda en Roma, no s\u00f3lo se encontr\u00f3 con el papa Francisco en una audiencia privada en la Casa Santa Marta, donde vive el pont\u00edfice en el Vaticano, sino que se reuni\u00f3 tambi\u00e9n con dirigentes sindicales y pol\u00edticos italianos del centroizquierda que admiran sus esfuerzos en la lucha contra la pobreza cuando fue presidente.<\/p>\n<p>El momento central de la jornada de Lula en Roma fue sin duda el encuentro con el papa Francisco, que dur\u00f3 aproximadamente una hora y del que se pudieron ver algunas fotos, ambos sonrientes, y en otra donde Francisco le da su bendici\u00f3n sobre la frente.<\/p>\n<p>No hubo comunicado oficial de la Santa Sede por tratarse de un encuentro privado. Pero Lula coment\u00f3 en un tweet que hab\u00edan hablado de \u201cun mundo m\u00e1s justo y fraterno\u201d. Y m\u00e1s tarde, en un encuentro con los periodistas, precis\u00f3 que con Francisco habl\u00f3 de las \u201cdesigualdades\u201d y de las \u201cpol\u00edticas de defensa del medio ambiente\u201d.<\/p>\n<p>&#8220;Todo el mundo sabe que el mundo se est\u00e1 volviendo cada vez m\u00e1s desigual y que muchas de las conquistas del siglo XX est\u00e1n siendo robadas por las ganancias de intereses empresariales\u201d, dijo Lula que adem\u00e1s calific\u00f3 de decisi\u00f3n \u201cmuy alentadora\u201d de parte del papa el hecho de convocar un encuentro en As\u00eds (en marzo) \u201cpara discutir las desigualdades con miles de j\u00f3venes, para discutir sobre una nueva econom\u00eda mundial\u201d. La necesidad de una \u201cnuevas reglas para la econom\u00eda\u201d a fin de crear una nueva econom\u00eda mundial fue planteada tambi\u00e9n por el Premio Nobel de Econom\u00eda, Joseph Stiglitz, en un reciente encuentro organizado por la Academia de Ciencias Sociales del Vaticano con ministros de econom\u00eda de numerosos pa\u00edses latinoamericanos, incluido el argentino, y la presidenta del Fondo Monetario Internacional, Kristalina Ivanova Gueorguieva.<\/p>\n<p>El tema del encuentro de As\u00eds &#8220;debe servir de ejemplo para los partidos pol\u00edticos de mundo entero&#8221;, enfatiz\u00f3 Lula, quien adem\u00e1s valor\u00f3 la posici\u00f3n del papa argentino respecto del ambiente. &#8220;Uno de los principales animales en extinci\u00f3n es el ser humano, sobre todo el pobre. Si todos los seres humanos tuvieran las agallas del Papa, se podr\u00edan encontrar soluciones m\u00e1s f\u00e1ciles&#8221;, concluy\u00f3 Lula.<\/p>\n<p>Lula y el papa, sin embargo, no hablaron de Jair Bolsonaro, el actual presidente brasile\u00f1o con el que Lula tiene pronunciadas divergencias y el papa Francisco tambi\u00e9n. Ayer, por ejemplo, Bolsonaro atac\u00f3 al papa por su Exhortaci\u00f3n Apost\u00f3lica sobre el Amazonas, en la que, seg\u00fan el presidente brasile\u00f1o, habla de la Amazonia como si fuera suya.<\/p>\n<p>El encuentro de hoy con Francisco fue de alguna manera facilitado por el presidente argentino Alberto Fern\u00e1ndez que estuvo con el pont\u00edfice en visita oficial en el Vaticano, el pasado 31 de enero. En esa ocasi\u00f3n Fern\u00e1ndez le pregunt\u00f3 si podr\u00eda recibir a Lula y el papa le dijo que si, que le escribiera para concretar el encuentro.<\/p>\n<p>El mi\u00e9rcoles, poco antes de llegar a Roma, Lula hab\u00eda escrito en otro tweet que ven\u00eda \u201ca visitar al Papa Francisco para agradecerle no s\u00f3lo su solidaridad conmigo en un momento dif\u00edcil sino para hablar con el Pont\u00edfice \u201csobre la experiencia brasile\u00f1a para combatir la miseria\u201d. No es la primera vez que el papa Francisco y Lula est\u00e1n en contacto. El a\u00f1o pasado, cuando ya estaba en la c\u00e1rcel, el papa le envi\u00f3 una carta expres\u00e1ndole su \u201cproximidad espiritual\u201d y le pidi\u00f3 \u201ccoraje \u201c y \u201cno desanimarse\u201d. Meses m\u00e1s tarde le envi\u00f3 otro mensaje con su bendici\u00f3n, en ocasi\u00f3n de un encuentro en Roma del ahora presidente argentino Fern\u00e1ndez y otros pol\u00edticos latinoamericanos.<\/p>\n<p>Lula, que gobern\u00f3 Brasil entre 2003 y 2010, estuvo arrestado un a\u00f1o y medio en Curitiba, acusado de un caso de corrupci\u00f3n. Aunque tiene otras causas pendientes, \u00e9l siempre se defendi\u00f3 diciendo que era toda una maniobra de la derecha para impedir que la izquierda regresara al gobierno de su pa\u00eds.<\/p>\n<p>La visita de Lula a Roma es su primer viaje al exterior desde que el pasado 8 de noviembre fue dejado en libertad porque el Supremo Tribunal Federal de justicia modific\u00f3 sus normas estableciendo que una persona puede ser encarcelada reci\u00e9n cuando se hayan agotado todos los posibles recursos judiciales.<\/p>\n<p>Al salir del encuentro con el papa, el ex presidente brasile\u00f1o y ex dirigente sindical, se dirigi\u00f3 a la sede romana de la CGIL (Central General Italiana de Trabajadores) una de las tres centrales de trabajadores existentes en Italia. Y all\u00ed se encontr\u00f3 con el presidente del Partido Democr\u00e1tico, Nicola Zingaretti quien luego escribi\u00f3 en un Tweet: \u201cBellisima conversaci\u00f3n con Lula, un extraordinario protagonista de batallas para combatir la desigualdad\u201d. En la misma sede Lula se encontr\u00f3 tambi\u00e9n con otro viejo ex dirigente de Partido Democr\u00e1tico, del que se separ\u00f3 hace algunos a\u00f1os, fundando otro partido, Articolo Uno. Se trata de Massimo D\u2019Alema que hoy estuvo acompa\u00f1ado tambi\u00e9n por el actual ministro de la Salud, Roberto Speranza. Y Articolo Uno dijo en un tweet: \u201cBello encuentro con Lula. Su lucha por la libertad y la democracia en Brasil es nuestra lucha\u201d.<\/p>\n<p>Lula tambi\u00e9n se vio con el actual ministro de Econom\u00eda e Italia, Roberto Gualtieri, que lo conoce de hace tiempo y fue a visitarlo a la c\u00e1rcel de Curitiba. \u201cHa sido n placer poder abrazar de nuevo a mi amigo\u201d, escribi\u00f3 el ministro.<\/p>\n<p>Lula, que fue obrero pr\u00e1cticamente desde que ten\u00eda 14 a\u00f1os y se transform\u00f3 en un gran dirigente sindical de Brasil liderando las protestas obreras de la d\u00e9cada del 1970, pas\u00f3 luego a la pol\u00edtica, present\u00e1ndose tres veces como candidato a la presidencia de Brasil sin \u00e9xito. Hasta que en 2003 gan\u00f3 las elecciones transform\u00e1ndose en el primer presidente de Brasil de origen obrero.<\/p>\n<p>Esta historia hizo que en su jornada romana no pudiera evitar verse con los dirigentes de las tres centrales obreras italianas, la CGIL, la CISL (Confederaci\u00f3n Italiana Sindicatos de Trabajadores) y la UIL(Uni\u00f3n Italiana del Trabajo), Annamaria Furlan, Maurizio Landini y Carmelo Barbagallo respectivamente. \u201cYo no pod\u00eda terminar mi visita a Italia sin encontrarme con las grandes centrales sindicales que por tantos a\u00f1os me han sostenido y ayudado en mi actividad sindical. La lucha contin\u00faa\u201d, concluyo Lula.<\/p>\n","protected":false},"excerpt":{"rendered":"<p>En un encuentro con los periodistas, Lula precis\u00f3 que con Francisco habl\u00f3 de las \u201cdesigualdades\u201d en el mundo y de las \u201cpol\u00edticas de defensa del medio ambiente\u201d &nbsp; &nbsp; El ex presidente brasile\u00f1o Luiz Inacio Lula Da Silva, en un s\u00f3lo d\u00eda de estad\u00eda en Roma, no s\u00f3lo se encontr\u00f3 con el papa Francisco en una audiencia privada en la Casa Santa Marta, donde vive el pont\u00edfice en el Vaticano, sino que se reuni\u00f3 tambi\u00e9n con dirigentes sindicales y pol\u00edticos italianos del centroizquierda que admiran sus esfuerzos en la lucha&#8230;<\/p>\n","protected":false},"author":3,"featured_media":57806,"comment_status":"closed","ping_status":"closed","sticky":false,"template":"","format":"standard","meta":[],"categories":[4],"tags":[],"_links":{"self":[{"href":"https:\/\/www.actualidadadiario.com\/index.php\/wp-json\/wp\/v2\/posts\/57805"}],"collection":[{"href":"https:\/\/www.actualidadadiario.com\/index.php\/wp-json\/wp\/v2\/posts"}],"about":[{"href":"https:\/\/www.actualidadadiario.com\/index.php\/wp-json\/wp\/v2\/types\/post"}],"author":[{"embeddable":true,"href":"https:\/\/www.actualidadadiario.com\/index.php\/wp-json\/wp\/v2\/users\/3"}],"replies":[{"embeddable":true,"href":"https:\/\/www.actualidadadiario.com\/index.php\/wp-json\/wp\/v2\/comments?post=57805"}],"version-history":[{"count":1,"href":"https:\/\/www.actualidadadiario.com\/index.php\/wp-json\/wp\/v2\/posts\/57805\/revisions"}],"predecessor-version":[{"id":57807,"href":"https:\/\/www.actualidadadiario.com\/index.php\/wp-json\/wp\/v2\/posts\/57805\/revisions\/57807"}],"wp:featuredmedia":[{"embeddable":true,"href":"https:\/\/www.actualidadadiario.com\/index.php\/wp-json\/wp\/v2\/media\/57806"}],"wp:attachment":[{"href":"https:\/\/www.actualidadadiario.com\/index.php\/wp-json\/wp\/v2\/media?parent=57805"}],"wp:term":[{"taxonomy":"category","embeddable":true,"href":"https:\/\/www.actualidadadiario.com\/index.php\/wp-json\/wp\/v2\/categories?post=57805"},{"taxonomy":"post_tag","embeddable":true,"href":"https:\/\/www.actualidadadiario.com\/index.php\/wp-json\/wp\/v2\/tags?post=57805"}],"curies":[{"name":"wp","href":"https:\/\/api.w.org\/{rel}","templated":true}]}}