{"id":57799,"date":"2020-02-14T12:22:20","date_gmt":"2020-02-14T15:22:20","guid":{"rendered":"https:\/\/www.actualidadadiario.com\/?p=57799"},"modified":"2020-02-14T12:22:20","modified_gmt":"2020-02-14T15:22:20","slug":"marco-lavagna-defendio-al-indec-el-organismo-cuenta-con-rigurosidad-tecnica","status":"publish","type":"post","link":"https:\/\/www.actualidadadiario.com\/index.php\/2020\/02\/14\/marco-lavagna-defendio-al-indec-el-organismo-cuenta-con-rigurosidad-tecnica\/","title":{"rendered":"Marco Lavagna defendi\u00f3 al Indec: &#8220;El organismo cuenta con rigurosidad t\u00e9cnica&#8221;"},"content":{"rendered":"<p style=\"text-align: center;\"><em><strong>&#8220;Trabajamos con seriedad, medimos una gran cantidad de productos. Estoy muy confiado en el equipo, que es el mismo de la gesti\u00f3n anterior&#8221;, destac\u00f3 el titular del Indec luego de dar a conocer la inflaci\u00f3n de enero<\/strong><\/em><\/p>\n<p>&nbsp;<\/p>\n<p>&nbsp;<\/p>\n<p>El director del Indec, Marco Lavagna, se refiri\u00f3 a la publicaci\u00f3n por parte del organismo del \u00edndice de precios al consumidor correspondiente a enero, que arroj\u00f3 una suba mensual del 2,3 por ciento. Ese avance fue menor al esperado por el sector privado, que estimaba que la suba quedar\u00eda en el orden del 3,5 por ciento. Si bien hubo un fuerte incremento en alimentos bebidas, el \u00edndice oficial mostr\u00f3 ca\u00edda en otros cap\u00edtulos como salud y equipamiento y mantenimiento del hogar.<\/p>\n<p>\u201cNo voy a opinar sobre el trabajo de las consultoras, a las que respeto, pero el relevamiento de precios que efect\u00faa el organismo cuenta con rigurosidad t\u00e9cnica, con una cobertura tanto en cantidad como en un territorio m\u00e1s amplio de lo que pueden abarcar los privados\u201d, dijo este jueves Lavagna para desactivar la comparaci\u00f3n entre las estimaciones que en las \u00faltimas semanas ven\u00edan difundiendo las consultoras.<\/p>\n<p>El titular del organismo estad\u00edstico justific\u00f3 la desaceleraci\u00f3n de los precios &#8211;el 2,3 por ciento es el menor valor desde julio pasado&#8211; con algunos ejemplos: &#8220;la medicina prepaga ven\u00eda registrando aumentos mensuales de 6,2 por ciento y la telefon\u00eda de 5 por ciento, en tanto que en enero no sufrieron ajustes. Tambi\u00e9n impact\u00f3 la estacionalidad (favorable a la baja) en las prendas de vestir\u201d, dijo. En cuanto a los combustibles, Lavagna consign\u00f3 que \u201centre agosto y octubre pasados vinieron subiendo a un ritmo de 3,4 por ciento mensual, tasa que se aceler\u00f3 a 6,2 por ciento en noviembre y diciembre \u00faltimos. En el mes pasado, el aumento se redujo a 0,7 por ciento&#8221;.<\/p>\n<p>&#8220;El \u00fanico dato que ven\u00edamos siguiendo de cerca porque no ten\u00edamos en claro c\u00f3mo iba a impactar era el de los precios de los alimentos que estaban dentro del programa de IVA cero. Durante enero, subieron los precios porque volvieron a tener IVA. Esto lo vemos en lo que subi\u00f3 alimentos, un 4,7 por ciento. Despu\u00e9s hay datos que son estacionales, como por ejemplo recreaci\u00f3n y cultura y restaurantes y hoteles, que reflejan las vacaciones y el turismo. Trabajamos con seriedad, medimos una gran cantidad de productos. De un s\u00f3lo producto tomamos 400 precios. Adem\u00e1s, yo estoy muy confiado en el equipo, que es el mismo de la gesti\u00f3n anterior&#8221;, agreg\u00f3 el funcionario. Consultado sobre qu\u00e9 puede pasar en los pr\u00f3ximos meses, Lavagna pidi\u00f3 &#8220;cautela&#8221; y consider\u00f3 que la inflaci\u00f3n de febrero depender\u00e1 de qu\u00e9 pase con el precio de la nafta.<\/p>\n","protected":false},"excerpt":{"rendered":"<p>&#8220;Trabajamos con seriedad, medimos una gran cantidad de productos. Estoy muy confiado en el equipo, que es el mismo de la gesti\u00f3n anterior&#8221;, destac\u00f3 el titular del Indec luego de dar a conocer la inflaci\u00f3n de enero &nbsp; &nbsp; El director del Indec, Marco Lavagna, se refiri\u00f3 a la publicaci\u00f3n por parte del organismo del \u00edndice de precios al consumidor correspondiente a enero, que arroj\u00f3 una suba mensual del 2,3 por ciento. Ese avance fue menor al esperado por el sector privado, que estimaba que la suba quedar\u00eda en el&#8230;<\/p>\n","protected":false},"author":3,"featured_media":57800,"comment_status":"closed","ping_status":"closed","sticky":false,"template":"","format":"standard","meta":[],"categories":[18],"tags":[],"_links":{"self":[{"href":"https:\/\/www.actualidadadiario.com\/index.php\/wp-json\/wp\/v2\/posts\/57799"}],"collection":[{"href":"https:\/\/www.actualidadadiario.com\/index.php\/wp-json\/wp\/v2\/posts"}],"about":[{"href":"https:\/\/www.actualidadadiario.com\/index.php\/wp-json\/wp\/v2\/types\/post"}],"author":[{"embeddable":true,"href":"https:\/\/www.actualidadadiario.com\/index.php\/wp-json\/wp\/v2\/users\/3"}],"replies":[{"embeddable":true,"href":"https:\/\/www.actualidadadiario.com\/index.php\/wp-json\/wp\/v2\/comments?post=57799"}],"version-history":[{"count":1,"href":"https:\/\/www.actualidadadiario.com\/index.php\/wp-json\/wp\/v2\/posts\/57799\/revisions"}],"predecessor-version":[{"id":57801,"href":"https:\/\/www.actualidadadiario.com\/index.php\/wp-json\/wp\/v2\/posts\/57799\/revisions\/57801"}],"wp:featuredmedia":[{"embeddable":true,"href":"https:\/\/www.actualidadadiario.com\/index.php\/wp-json\/wp\/v2\/media\/57800"}],"wp:attachment":[{"href":"https:\/\/www.actualidadadiario.com\/index.php\/wp-json\/wp\/v2\/media?parent=57799"}],"wp:term":[{"taxonomy":"category","embeddable":true,"href":"https:\/\/www.actualidadadiario.com\/index.php\/wp-json\/wp\/v2\/categories?post=57799"},{"taxonomy":"post_tag","embeddable":true,"href":"https:\/\/www.actualidadadiario.com\/index.php\/wp-json\/wp\/v2\/tags?post=57799"}],"curies":[{"name":"wp","href":"https:\/\/api.w.org\/{rel}","templated":true}]}}