{"id":57796,"date":"2020-02-14T12:21:38","date_gmt":"2020-02-14T15:21:38","guid":{"rendered":"https:\/\/www.actualidadadiario.com\/?p=57796"},"modified":"2020-02-14T12:21:38","modified_gmt":"2020-02-14T15:21:38","slug":"imputaron-a-gonzalez-fraga-por-el-endeudamiento-millonario-de-la-empresa-vicentin-durante-el-macrismo","status":"publish","type":"post","link":"https:\/\/www.actualidadadiario.com\/index.php\/2020\/02\/14\/imputaron-a-gonzalez-fraga-por-el-endeudamiento-millonario-de-la-empresa-vicentin-durante-el-macrismo\/","title":{"rendered":"Imputaron a Gonz\u00e1lez Fraga por el endeudamiento millonario de la empresa Vicent\u00edn durante el macrismo"},"content":{"rendered":"<p style=\"text-align: center;\"><em><strong>As\u00ed lo decidi\u00f3 el fiscal Pollicita, que investiga si las autoridades de la principal entidad bancaria estatal cometieron delito cuando le permitieron a la cerealera una deuda $18.500 millones<\/strong><\/em><\/p>\n<p>&nbsp;<\/p>\n<p>&nbsp;<\/p>\n<p>El fiscal Gerardo Pollicita imput\u00f3 este viernes a Javier Gonz\u00e1lez Fraga, presidente del Banco Naci\u00f3n durante el gobierno de Mauricio Macri, en la causa que investiga el posible delito de las autoridades de la entidad por permitir a la cerealera Vicent\u00edn acumular una deuda $18.500 millones en contra de las normativas del banco.<\/p>\n<p>Tambi\u00e9n fueron imputados Alberto Pado\u00e1n y Gustavo Nardelli, directivos de la compa\u00f1\u00eda cerealera, que fue la principal aportante de dinero en la campa\u00f1a presidencial de Macri en 2019. Pado\u00e1n fue involucrado tambi\u00e9n en la causa que se inici\u00f3 a partir de las fotocopias de los cuadernos del chofer Oscar Centeno.<\/p>\n<p>Vicentin es la principal aceitera de Santa Fe y una de las m\u00e1s grandes del pa\u00eds. En diciembre de 2019 entr\u00f3 en proceso de \u201creestructuraci\u00f3n de pagos\u201d a partir de una situaci\u00f3n de \u201cestr\u00e9s financiero\u201d y entr\u00f3 en cesaci\u00f3n de pagos por una deuda de poco m\u00e1s de $23.500 millones, $18.500 millones corresponden a un cr\u00e9dito con el Naci\u00f3n y representan m\u00e1s del 20% del patrimonio computable de la entidad.<\/p>\n<p>La denuncia se inici\u00f3 por un informe del ex diputado y economista Claudio Lozano, designado director del Banco Naci\u00f3n por el gobierno de Alberto Fern\u00e1ndez. El documento explicit\u00f3 que Vincentin &#8220;a trav\u00e9s de sus subsidiarias, fue el principal aportante a la campa\u00f1a presidencial de Mauricio Macri. Por diferentes empresas de su grupo realiz\u00f3 una donaci\u00f3n total de $13.500.000&#8221;.<\/p>\n<p>Adem\u00e1s de la imputaci\u00f3n, Pollicita pidi\u00f3 varias medidas de prueba al juez Juli\u00e1n Ercolini quien tiene a su cargo la investigaci\u00f3n. Adem\u00e1s que tanto Lozano como Eduardo Hecker, actual presidente del Banco Naci\u00f3n, declaren como testigos.<\/p>\n","protected":false},"excerpt":{"rendered":"<p>As\u00ed lo decidi\u00f3 el fiscal Pollicita, que investiga si las autoridades de la principal entidad bancaria estatal cometieron delito cuando le permitieron a la cerealera una deuda $18.500 millones &nbsp; &nbsp; El fiscal Gerardo Pollicita imput\u00f3 este viernes a Javier Gonz\u00e1lez Fraga, presidente del Banco Naci\u00f3n durante el gobierno de Mauricio Macri, en la causa que investiga el posible delito de las autoridades de la entidad por permitir a la cerealera Vicent\u00edn acumular una deuda $18.500 millones en contra de las normativas del banco. Tambi\u00e9n fueron imputados Alberto Pado\u00e1n y&#8230;<\/p>\n","protected":false},"author":3,"featured_media":57797,"comment_status":"closed","ping_status":"closed","sticky":false,"template":"","format":"standard","meta":[],"categories":[18],"tags":[],"_links":{"self":[{"href":"https:\/\/www.actualidadadiario.com\/index.php\/wp-json\/wp\/v2\/posts\/57796"}],"collection":[{"href":"https:\/\/www.actualidadadiario.com\/index.php\/wp-json\/wp\/v2\/posts"}],"about":[{"href":"https:\/\/www.actualidadadiario.com\/index.php\/wp-json\/wp\/v2\/types\/post"}],"author":[{"embeddable":true,"href":"https:\/\/www.actualidadadiario.com\/index.php\/wp-json\/wp\/v2\/users\/3"}],"replies":[{"embeddable":true,"href":"https:\/\/www.actualidadadiario.com\/index.php\/wp-json\/wp\/v2\/comments?post=57796"}],"version-history":[{"count":1,"href":"https:\/\/www.actualidadadiario.com\/index.php\/wp-json\/wp\/v2\/posts\/57796\/revisions"}],"predecessor-version":[{"id":57798,"href":"https:\/\/www.actualidadadiario.com\/index.php\/wp-json\/wp\/v2\/posts\/57796\/revisions\/57798"}],"wp:featuredmedia":[{"embeddable":true,"href":"https:\/\/www.actualidadadiario.com\/index.php\/wp-json\/wp\/v2\/media\/57797"}],"wp:attachment":[{"href":"https:\/\/www.actualidadadiario.com\/index.php\/wp-json\/wp\/v2\/media?parent=57796"}],"wp:term":[{"taxonomy":"category","embeddable":true,"href":"https:\/\/www.actualidadadiario.com\/index.php\/wp-json\/wp\/v2\/categories?post=57796"},{"taxonomy":"post_tag","embeddable":true,"href":"https:\/\/www.actualidadadiario.com\/index.php\/wp-json\/wp\/v2\/tags?post=57796"}],"curies":[{"name":"wp","href":"https:\/\/api.w.org\/{rel}","templated":true}]}}