{"id":57785,"date":"2020-02-14T12:18:49","date_gmt":"2020-02-14T15:18:49","guid":{"rendered":"https:\/\/www.actualidadadiario.com\/?p=57785"},"modified":"2020-02-14T12:18:49","modified_gmt":"2020-02-14T15:18:49","slug":"ya-esta-en-el-congreso-el-proyecto-de-gobierno-itinerante","status":"publish","type":"post","link":"https:\/\/www.actualidadadiario.com\/index.php\/2020\/02\/14\/ya-esta-en-el-congreso-el-proyecto-de-gobierno-itinerante\/","title":{"rendered":"Ya est\u00e1 en el Congreso el proyecto de gobierno itinerante"},"content":{"rendered":"<p style=\"text-align: center;\"><em><strong>La iniciativa entr\u00f3 por el Senado y se tratar\u00eda el pr\u00f3ximo 20 de febrero, en el marco de las sesiones extraordinarias convocadas por el gobierno nacional<\/strong><\/em><\/p>\n<p>&nbsp;<\/p>\n<p>El Poder Ejecutivo envi\u00f3 al Senado de la Naci\u00f3n el proyecto de ley denominado \u201cCapitales Alternas de las Rep\u00fablica Argentina&#8221;. El presidente Alberto Fern\u00e1ndez lo incluy\u00f3 en el temario de sesiones extraordinarias.<\/p>\n<p>La iniciativa, que busca la descentralizaci\u00f3n de la administraci\u00f3n p\u00fablica, garantizando la presencia mensual del Gabinete en las provincias, ingres\u00f3 el martes por la ma\u00f1ana a la mesa de entrada de la C\u00e1mara Alta y podr\u00eda tratarse en la sesi\u00f3n que el Senado tendr\u00eda el 20 de febrero. Antes de esto deber\u00e1 tratarse en las comisiones de Asuntos Constitucionales y Presupuesto y Hacienda. Asuntos Constitucionales todav\u00eda no fue constituida, pero quedar\u00eda en manos de la senadora por Santa Fe, Mar\u00eda de los \u00c1ngeles Sacnun, mientras que la otra est\u00e1 presidida por el cordob\u00e9s Carlos Caserio.<\/p>\n<p>Alberto Fern\u00e1ndez hab\u00eda anunciado la propuesta en septiembre del a\u00f1o pasado en un acto con gobernadores que realiz\u00f3 en campa\u00f1a en la provincia de M\u00e9ndoza. En ese momento, Fern\u00e1ndez cont\u00f3 que el gobierno itinerante fue una idea del ex gobernador cordob\u00e9s Jos\u00e9 Manuel De la Sota, uno de los impulsores del Frente Todos, fallecido en 2018.<\/p>\n<p>El proyecto, que consta de 10 art\u00edculos, establece la creaci\u00f3n del programa &#8220;Gabinete Federal\u201d, destinado a realizar reuniones de trabajo en las provincias entre los ministros, ministras, secretarios, secretarias, funcionarios y funcionarias del poder ejecutivo nacional, autoridades locales y representantes de las organizaciones de la sociedad civil, con el fin de identificar las demandas de la comunidad y coordinar la implementaci\u00f3n de pol\u00edticas p\u00fablicas necesarias.<\/p>\n<p>Asimismo, indica que ser\u00e1 el Jefe de Gabinete quien convoque a las reuniones de trabajo con una periodicidad no mayor a los 30 d\u00edas.<\/p>\n<p>Por propuesta de los gobernadores las Capitales que oficiar\u00e1n de sede para los encuentros que se realizar\u00e1n en todo el pa\u00eds son: La Matanza y General Pueyrred\u00f3n (Buenos Aires);\u00a0 Tinogasta (Catamarca); Presidencia Roque S\u00e1enz Pe\u00f1a (Chaco); Comodoro Rivadavia (Chubut); R\u00edo Cuarto (C\u00f3rdoba); Goya (Corrientes);\u00a0 Concordia (Entre R\u00edos); Formosa (Formosa); San Pedro de Jujuy (Jujuy); General Pico (La Pampa); Chilecito (La Rioja); Guaymall\u00e9n (Mendoza); Ober\u00e1 (Misiones); Cutral C\u00f3 (Neuqu\u00e9n); San Carlos de Bariloche (R\u00edo Negro); San Ram\u00f3n de la Nueva Or\u00e1n (Salta); Caucete (San Juan); San Lu\u00eds (San Lu\u00eds); Caleta Olivia (Santa Cruz);\u00a0 Rosario (Santa Fe);\u00a0 La Banda (Santiago del Estero); R\u00edo Grande (Tierra del Fuego AIAS) Y Monteros (Tucum\u00e1n).<\/p>\n<p>En Casa Rosada ten\u00edan previsto hacer la primera reuni\u00f3n durante este mes en Mar del Plata, pero la urgencia econ\u00f3mica del pa\u00eds con respecto al tratamiento de la reestructuraci\u00f3n de la deuda externa atras\u00f3 la intenci\u00f3n del gobierno que ahora queda a la espera de que la ley se concrete en el Congreso.<\/p>\n","protected":false},"excerpt":{"rendered":"<p>La iniciativa entr\u00f3 por el Senado y se tratar\u00eda el pr\u00f3ximo 20 de febrero, en el marco de las sesiones extraordinarias convocadas por el gobierno nacional &nbsp; El Poder Ejecutivo envi\u00f3 al Senado de la Naci\u00f3n el proyecto de ley denominado \u201cCapitales Alternas de las Rep\u00fablica Argentina&#8221;. El presidente Alberto Fern\u00e1ndez lo incluy\u00f3 en el temario de sesiones extraordinarias. La iniciativa, que busca la descentralizaci\u00f3n de la administraci\u00f3n p\u00fablica, garantizando la presencia mensual del Gabinete en las provincias, ingres\u00f3 el martes por la ma\u00f1ana a la mesa de entrada de&#8230;<\/p>\n","protected":false},"author":3,"featured_media":57786,"comment_status":"closed","ping_status":"closed","sticky":false,"template":"","format":"standard","meta":[],"categories":[18],"tags":[],"_links":{"self":[{"href":"https:\/\/www.actualidadadiario.com\/index.php\/wp-json\/wp\/v2\/posts\/57785"}],"collection":[{"href":"https:\/\/www.actualidadadiario.com\/index.php\/wp-json\/wp\/v2\/posts"}],"about":[{"href":"https:\/\/www.actualidadadiario.com\/index.php\/wp-json\/wp\/v2\/types\/post"}],"author":[{"embeddable":true,"href":"https:\/\/www.actualidadadiario.com\/index.php\/wp-json\/wp\/v2\/users\/3"}],"replies":[{"embeddable":true,"href":"https:\/\/www.actualidadadiario.com\/index.php\/wp-json\/wp\/v2\/comments?post=57785"}],"version-history":[{"count":1,"href":"https:\/\/www.actualidadadiario.com\/index.php\/wp-json\/wp\/v2\/posts\/57785\/revisions"}],"predecessor-version":[{"id":57787,"href":"https:\/\/www.actualidadadiario.com\/index.php\/wp-json\/wp\/v2\/posts\/57785\/revisions\/57787"}],"wp:featuredmedia":[{"embeddable":true,"href":"https:\/\/www.actualidadadiario.com\/index.php\/wp-json\/wp\/v2\/media\/57786"}],"wp:attachment":[{"href":"https:\/\/www.actualidadadiario.com\/index.php\/wp-json\/wp\/v2\/media?parent=57785"}],"wp:term":[{"taxonomy":"category","embeddable":true,"href":"https:\/\/www.actualidadadiario.com\/index.php\/wp-json\/wp\/v2\/categories?post=57785"},{"taxonomy":"post_tag","embeddable":true,"href":"https:\/\/www.actualidadadiario.com\/index.php\/wp-json\/wp\/v2\/tags?post=57785"}],"curies":[{"name":"wp","href":"https:\/\/api.w.org\/{rel}","templated":true}]}}