{"id":57782,"date":"2020-02-14T12:18:01","date_gmt":"2020-02-14T15:18:01","guid":{"rendered":"https:\/\/www.actualidadadiario.com\/?p=57782"},"modified":"2020-02-14T12:18:01","modified_gmt":"2020-02-14T15:18:01","slug":"cuando-me-este-quedando-sin-tinta-cristina-me-va-a-alcanzar-un-cartucho","status":"publish","type":"post","link":"https:\/\/www.actualidadadiario.com\/index.php\/2020\/02\/14\/cuando-me-este-quedando-sin-tinta-cristina-me-va-a-alcanzar-un-cartucho\/","title":{"rendered":"&#8220;Cuando me est\u00e9 quedando sin tinta, Cristina me va a alcanzar un cartucho&#8221;"},"content":{"rendered":"<p style=\"text-align: center;\"><em><strong>El Presidente asegur\u00f3 que &#8220;en el pa\u00eds hay una sola lapicera n\u00famero 1 y la tiene Alberto, pero lamentablemente el cartucho con la tinta lo tiene Cristina&#8221;. Tambi\u00e9n se refiri\u00f3 a la reforma judicial<\/strong><\/em><\/p>\n<p>&nbsp;<\/p>\n<p>&nbsp;<\/p>\n<p>El presidente Alberto Fern\u00e1ndez asegur\u00f3 este jueves que, en su Gobierno, \u00e9l tiene tanto &#8220;la tinta&#8221; como &#8220;la lapicera&#8221; pero consider\u00f3 que &#8220;el d\u00eda que se quede sin tinta&#8221;, Cristina Kirchner le va a &#8220;alcanzar un cartucho&#8221;.<\/p>\n<p>En una entrevista que brind\u00f3 a Oscar Gonz\u00e1lez Oro por Radio Rivadavia, el primer mandatario se refiri\u00f3 a las hip\u00f3tesis sobre un &#8220;doble comando&#8221; dentro de su Gobierno. El conductor radial, la semana pasada hab\u00eda sostenido que &#8220;en el pa\u00eds hay una sola lapicera n\u00famero 1 y la tiene Alberto, pero lamentablemente el cartucho con la tinta lo tiene Cristina&#8221;.<\/p>\n<p>En ese sentido, al culminar la entrevista con el primer mandatario en Casa Rosada, el conductor le dijo: &#8220;El d\u00eda que te quedes sin tinta, no dudes en llamarme&#8221;. En respuesta, Fern\u00e1ndez brome\u00f3: &#8220;El d\u00eda que me est\u00e9 quedando sin tinta, Cristina me va a alcanzar un cartucho&#8221;.<\/p>\n<p>&#8220;Su observaci\u00f3n es muy pertinente&#8221;, consider\u00f3 Alberto Fern\u00e1ndez al ser consultado sobre las cr\u00edticas lanzadas por su vice al FMI por haber otorgado un cr\u00e9dito multimillonario al gobierno de Mauricio Macri. El presidente coincidi\u00f3 con su vice en que el organismo incumpli\u00f3 sus normas con el pr\u00e9stamo que le facilit\u00f3 al gobierno de Macri.<\/p>\n<p>Mientras la misi\u00f3n del FMI se encuentra en el pa\u00eds, el presidente coincidi\u00f3 en cuestionar que el organismo haya dado plata a la Argentina que se termin\u00f3 volcando a la fuga de capitales. Si bien dijo sentir que su gobierno no est\u00e1 mal con el Fondo, consider\u00f3 que &#8220;la observaci\u00f3n de Cristina es muy pertinente&#8221;.<\/p>\n<p>&#8220;Cuando me vinieron a visitar los del Fondo y despu\u00e9s con el comunicado, yo les marqu\u00e9 c\u00f3mo hab\u00edan incumplido normas que proh\u00edben prestar plata para cubrir corridas cambiarias&#8221;, afirm\u00f3 el jefe de Estado.<\/p>\n<p>Sobre la negociaci\u00f3n por la deuda, el mandatario sostuvo que lo que Argentina necesita del FMI es &#8220;m\u00e1s plazo y contenci\u00f3n&#8221;. &#8220;Me gustar\u00eda que el Fondo se comprometiera con el crecimiento de un pa\u00eds porque puede ayudarnos a salir de la cat\u00e1strofe alimentaria y de pobreza que tenemos&#8221;, se\u00f1al\u00f3.<\/p>\n<p>Fern\u00e1ndez tambi\u00e9n respald\u00f3 la disertaci\u00f3n del ministro de Econom\u00eda, Mart\u00edn Guzm\u00e1n, ante el Congreso Nacional. Asegur\u00f3 que el ministro habl\u00f3 con la &#8220;m\u00e1s absoluta realidad&#8221; y consider\u00f3 que la ca\u00edda de los mercados no est\u00e1 relacionada a esa exposici\u00f3n, sino con el resultado del reperfilamiento del bono dual.<\/p>\n<p>&nbsp;<\/p>\n<p><strong>Reforma judicial<\/strong><\/p>\n<p>En otro tramo de la entrevista, el Presidente asegur\u00f3 que la reforma de la Justicia federal que impulsar\u00e1 su gobierno apunta a que los magistrados &#8220;se olviden de la pol\u00edtica&#8221;.<\/p>\n<p>&#8220;La Justicia federal es importante porque es la que va contra el crimen organizado. Necesitamos una Justicia que funcione bien y haga justicia. Y lo que siento es que hay que reformular algunas cosas&#8221;, resalt\u00f3 el jefe de Estado. Fern\u00e1ndez sostuvo que la reforma buscar\u00e1 ir hacia &#8220;una Justicia federal que siga haciendo lo que tiene que hacer, pero que ponga sus esfuerzos contra el narcotr\u00e1fico y el crimen organizado&#8221;.<\/p>\n<p>&#8220;La violencia delincuencial est\u00e1 vinculada a las drogas. Es tremendo ver chiquitos consumidos por la peor droga que es el paco. Quisiera ver una Justicia federal que atienda estos problemas y se olvide de la pol\u00edtica&#8221;, enfatiz\u00f3 el jefe de Estado, que evit\u00f3 dar detalles del proyecto, que est\u00e1 en construcci\u00f3n.<\/p>\n","protected":false},"excerpt":{"rendered":"<p>El Presidente asegur\u00f3 que &#8220;en el pa\u00eds hay una sola lapicera n\u00famero 1 y la tiene Alberto, pero lamentablemente el cartucho con la tinta lo tiene Cristina&#8221;. Tambi\u00e9n se refiri\u00f3 a la reforma judicial &nbsp; &nbsp; El presidente Alberto Fern\u00e1ndez asegur\u00f3 este jueves que, en su Gobierno, \u00e9l tiene tanto &#8220;la tinta&#8221; como &#8220;la lapicera&#8221; pero consider\u00f3 que &#8220;el d\u00eda que se quede sin tinta&#8221;, Cristina Kirchner le va a &#8220;alcanzar un cartucho&#8221;. En una entrevista que brind\u00f3 a Oscar Gonz\u00e1lez Oro por Radio Rivadavia, el primer mandatario se refiri\u00f3&#8230;<\/p>\n","protected":false},"author":3,"featured_media":57783,"comment_status":"closed","ping_status":"closed","sticky":false,"template":"","format":"standard","meta":[],"categories":[9],"tags":[],"_links":{"self":[{"href":"https:\/\/www.actualidadadiario.com\/index.php\/wp-json\/wp\/v2\/posts\/57782"}],"collection":[{"href":"https:\/\/www.actualidadadiario.com\/index.php\/wp-json\/wp\/v2\/posts"}],"about":[{"href":"https:\/\/www.actualidadadiario.com\/index.php\/wp-json\/wp\/v2\/types\/post"}],"author":[{"embeddable":true,"href":"https:\/\/www.actualidadadiario.com\/index.php\/wp-json\/wp\/v2\/users\/3"}],"replies":[{"embeddable":true,"href":"https:\/\/www.actualidadadiario.com\/index.php\/wp-json\/wp\/v2\/comments?post=57782"}],"version-history":[{"count":1,"href":"https:\/\/www.actualidadadiario.com\/index.php\/wp-json\/wp\/v2\/posts\/57782\/revisions"}],"predecessor-version":[{"id":57784,"href":"https:\/\/www.actualidadadiario.com\/index.php\/wp-json\/wp\/v2\/posts\/57782\/revisions\/57784"}],"wp:featuredmedia":[{"embeddable":true,"href":"https:\/\/www.actualidadadiario.com\/index.php\/wp-json\/wp\/v2\/media\/57783"}],"wp:attachment":[{"href":"https:\/\/www.actualidadadiario.com\/index.php\/wp-json\/wp\/v2\/media?parent=57782"}],"wp:term":[{"taxonomy":"category","embeddable":true,"href":"https:\/\/www.actualidadadiario.com\/index.php\/wp-json\/wp\/v2\/categories?post=57782"},{"taxonomy":"post_tag","embeddable":true,"href":"https:\/\/www.actualidadadiario.com\/index.php\/wp-json\/wp\/v2\/tags?post=57782"}],"curies":[{"name":"wp","href":"https:\/\/api.w.org\/{rel}","templated":true}]}}