{"id":57780,"date":"2020-02-14T12:17:16","date_gmt":"2020-02-14T15:17:16","guid":{"rendered":"https:\/\/www.actualidadadiario.com\/?p=57780"},"modified":"2020-02-14T12:17:16","modified_gmt":"2020-02-14T15:17:16","slug":"anuncian-los-aumentos-en-jubilaciones-pensiones-y-auh","status":"publish","type":"post","link":"https:\/\/www.actualidadadiario.com\/index.php\/2020\/02\/14\/anuncian-los-aumentos-en-jubilaciones-pensiones-y-auh\/","title":{"rendered":"Anuncian los aumentos en jubilaciones, pensiones y AUH"},"content":{"rendered":"<p style=\"text-align: center;\"><em><strong>Tras la suspensi\u00f3n de la ley de movilidad, Vanoli, de Anses, y Moroni, de Trabajo, presentan este mediod\u00eda el porcentaje de incremento que regir\u00e1 a partir de marzo<\/strong><\/em><\/p>\n<p>&nbsp;<\/p>\n<p>&nbsp;<\/p>\n<p>El gobierno nacional anuncia este viernes al mediod\u00eda los aumentos en los haberes de jubilados y pensionados y en los montos de la Asignaci\u00f3n Universal por Hijo (AUH), que regir\u00e1n a partir de marzo.<\/p>\n<p>El anuncio en una conferencia de prensa que ofrecer\u00e1n el titular de la Administraci\u00f3n Nacional de la Seguridad Social (Anses), Alejandro Vanoli, y el ministro de Trabajo, Claudio Moroni, en la Casa Rosada.<\/p>\n<p>El anuncio se enmarca en el cambio de metodolog\u00eda para establecer esos incrementos luego de la eliminaci\u00f3n de la ley de movilidad del gobierno de Mauricio Macri.<\/p>\n<p>La modificaci\u00f3n se produjo a partir de la sanci\u00f3n de la ley de Solidaridad Social y Emergencia Productiva en diciembre pasado, que suspendi\u00f3 por 180 d\u00edas la aplicaci\u00f3n de la f\u00f3rmula de movilidad jubilatoria que estaba vigente, con el fin de determinar un nuevo esquema.<\/p>\n<p>En paralelo, en ese momento la administraci\u00f3n de Fern\u00e1ndez otorg\u00f3 sumas fijas para los sectores que cobran las jubilaciones m\u00e1s bajas y las pensiones no contributivas.<\/p>\n<p>Esos adicionales fueron de 5000 pesos en diciembre y 5000 en enero.<\/p>\n","protected":false},"excerpt":{"rendered":"<p>Tras la suspensi\u00f3n de la ley de movilidad, Vanoli, de Anses, y Moroni, de Trabajo, presentan este mediod\u00eda el porcentaje de incremento que regir\u00e1 a partir de marzo &nbsp; &nbsp; El gobierno nacional anuncia este viernes al mediod\u00eda los aumentos en los haberes de jubilados y pensionados y en los montos de la Asignaci\u00f3n Universal por Hijo (AUH), que regir\u00e1n a partir de marzo. El anuncio en una conferencia de prensa que ofrecer\u00e1n el titular de la Administraci\u00f3n Nacional de la Seguridad Social (Anses), Alejandro Vanoli, y el ministro de&#8230;<\/p>\n","protected":false},"author":3,"featured_media":40359,"comment_status":"closed","ping_status":"closed","sticky":false,"template":"","format":"standard","meta":[],"categories":[9],"tags":[],"_links":{"self":[{"href":"https:\/\/www.actualidadadiario.com\/index.php\/wp-json\/wp\/v2\/posts\/57780"}],"collection":[{"href":"https:\/\/www.actualidadadiario.com\/index.php\/wp-json\/wp\/v2\/posts"}],"about":[{"href":"https:\/\/www.actualidadadiario.com\/index.php\/wp-json\/wp\/v2\/types\/post"}],"author":[{"embeddable":true,"href":"https:\/\/www.actualidadadiario.com\/index.php\/wp-json\/wp\/v2\/users\/3"}],"replies":[{"embeddable":true,"href":"https:\/\/www.actualidadadiario.com\/index.php\/wp-json\/wp\/v2\/comments?post=57780"}],"version-history":[{"count":1,"href":"https:\/\/www.actualidadadiario.com\/index.php\/wp-json\/wp\/v2\/posts\/57780\/revisions"}],"predecessor-version":[{"id":57781,"href":"https:\/\/www.actualidadadiario.com\/index.php\/wp-json\/wp\/v2\/posts\/57780\/revisions\/57781"}],"wp:featuredmedia":[{"embeddable":true,"href":"https:\/\/www.actualidadadiario.com\/index.php\/wp-json\/wp\/v2\/media\/40359"}],"wp:attachment":[{"href":"https:\/\/www.actualidadadiario.com\/index.php\/wp-json\/wp\/v2\/media?parent=57780"}],"wp:term":[{"taxonomy":"category","embeddable":true,"href":"https:\/\/www.actualidadadiario.com\/index.php\/wp-json\/wp\/v2\/categories?post=57780"},{"taxonomy":"post_tag","embeddable":true,"href":"https:\/\/www.actualidadadiario.com\/index.php\/wp-json\/wp\/v2\/tags?post=57780"}],"curies":[{"name":"wp","href":"https:\/\/api.w.org\/{rel}","templated":true}]}}