{"id":57778,"date":"2020-02-14T12:16:31","date_gmt":"2020-02-14T15:16:31","guid":{"rendered":"https:\/\/www.actualidadadiario.com\/?p=57778"},"modified":"2020-02-14T12:16:31","modified_gmt":"2020-02-14T15:16:31","slug":"el-gobierno-derogo-el-decreto-de-macri-que-habilitaba-la-importacion-de-basura","status":"publish","type":"post","link":"https:\/\/www.actualidadadiario.com\/index.php\/2020\/02\/14\/el-gobierno-derogo-el-decreto-de-macri-que-habilitaba-la-importacion-de-basura\/","title":{"rendered":"El Gobierno derog\u00f3 el decreto de Macri que habilitaba la importaci\u00f3n de basura"},"content":{"rendered":"<p style=\"text-align: center;\"><em><strong>El Ejecutivo estableci\u00f3 un plazo de 180 d\u00edas para formular una nueva propuesta &#8220;que promueva una gesti\u00f3n integral de los residuos en el marco de una econom\u00eda circular&#8221;<\/strong><\/em><\/p>\n<p>&nbsp;<\/p>\n<p>&nbsp;<\/p>\n<p>El Gobierno derog\u00f3 hoy el decreto del gobierno anterior que habilitaba la importaci\u00f3n de basura y estableci\u00f3 un plazo de 180 d\u00edas para formular una nueva propuesta &#8220;que promueva una gesti\u00f3n integral de los residuos en el marco de una econom\u00eda circular&#8221;.<\/p>\n<p>La decisi\u00f3n de anular el decreto 591\/2019, firmado por el ex presidente Mauricio Macri, se formaliz\u00f3 hoy en el Bolet\u00edn Oficial.<\/p>\n<p>En los considerandos, el texto destac\u00f3 que las modificaciones &#8220;dejaron sin efecto la exigencia de contar con un certificado de inocuidad sanitaria y ambiental&#8221; lo que &#8220;constituye un retroceso en materia ambiental que coloca a nuestro pa\u00eds en una situaci\u00f3n de riesgo ante el posible ingreso de residuos peligrosos&#8221;.<\/p>\n<p>&#8220;El decreto de hoy de derogar la recepci\u00f3n de residuos peligrosos es muy importante\u201d, celebr\u00f3 el ministro de Ambiente y Desarrollo Sustentable de la Naci\u00f3n, Juan Cabandi\u00e9.<\/p>\n<p>\u201cTenemos una cantidad grande de basurales a cielo abierto y encima el decreto de Macri permit\u00eda residuos que ven\u00edan de afuera. Era un desprop\u00f3sito\u201d, dijo el funcionario a El Destape Radio y precis\u00f3 que entraron 40.000 toneladas de residuos en este tiempo.<\/p>\n<p>Cabandi\u00e9 afirm\u00f3 que desde la cartera est\u00e1n trabajando sobre el tema de los basurales a cielo abierto y manifest\u00f3 que &#8220;el Estado tiene que hacer campa\u00f1as de separaci\u00f3n de residuos en origen y que se modifiquen los h\u00e1bitos culturales\u201d.<\/p>\n","protected":false},"excerpt":{"rendered":"<p>El Ejecutivo estableci\u00f3 un plazo de 180 d\u00edas para formular una nueva propuesta &#8220;que promueva una gesti\u00f3n integral de los residuos en el marco de una econom\u00eda circular&#8221; &nbsp; &nbsp; El Gobierno derog\u00f3 hoy el decreto del gobierno anterior que habilitaba la importaci\u00f3n de basura y estableci\u00f3 un plazo de 180 d\u00edas para formular una nueva propuesta &#8220;que promueva una gesti\u00f3n integral de los residuos en el marco de una econom\u00eda circular&#8221;. La decisi\u00f3n de anular el decreto 591\/2019, firmado por el ex presidente Mauricio Macri, se formaliz\u00f3 hoy en&#8230;<\/p>\n","protected":false},"author":3,"featured_media":56404,"comment_status":"closed","ping_status":"closed","sticky":false,"template":"","format":"standard","meta":[],"categories":[2],"tags":[],"_links":{"self":[{"href":"https:\/\/www.actualidadadiario.com\/index.php\/wp-json\/wp\/v2\/posts\/57778"}],"collection":[{"href":"https:\/\/www.actualidadadiario.com\/index.php\/wp-json\/wp\/v2\/posts"}],"about":[{"href":"https:\/\/www.actualidadadiario.com\/index.php\/wp-json\/wp\/v2\/types\/post"}],"author":[{"embeddable":true,"href":"https:\/\/www.actualidadadiario.com\/index.php\/wp-json\/wp\/v2\/users\/3"}],"replies":[{"embeddable":true,"href":"https:\/\/www.actualidadadiario.com\/index.php\/wp-json\/wp\/v2\/comments?post=57778"}],"version-history":[{"count":1,"href":"https:\/\/www.actualidadadiario.com\/index.php\/wp-json\/wp\/v2\/posts\/57778\/revisions"}],"predecessor-version":[{"id":57779,"href":"https:\/\/www.actualidadadiario.com\/index.php\/wp-json\/wp\/v2\/posts\/57778\/revisions\/57779"}],"wp:featuredmedia":[{"embeddable":true,"href":"https:\/\/www.actualidadadiario.com\/index.php\/wp-json\/wp\/v2\/media\/56404"}],"wp:attachment":[{"href":"https:\/\/www.actualidadadiario.com\/index.php\/wp-json\/wp\/v2\/media?parent=57778"}],"wp:term":[{"taxonomy":"category","embeddable":true,"href":"https:\/\/www.actualidadadiario.com\/index.php\/wp-json\/wp\/v2\/categories?post=57778"},{"taxonomy":"post_tag","embeddable":true,"href":"https:\/\/www.actualidadadiario.com\/index.php\/wp-json\/wp\/v2\/tags?post=57778"}],"curies":[{"name":"wp","href":"https:\/\/api.w.org\/{rel}","templated":true}]}}