{"id":57773,"date":"2020-02-14T12:15:10","date_gmt":"2020-02-14T15:15:10","guid":{"rendered":"https:\/\/www.actualidadadiario.com\/?p=57773"},"modified":"2020-02-14T12:15:10","modified_gmt":"2020-02-14T15:15:10","slug":"la-produccion-textil-subio-92-en-diciembre-y-proyectan-una-recuperacion-este-ano","status":"publish","type":"post","link":"https:\/\/www.actualidadadiario.com\/index.php\/2020\/02\/14\/la-produccion-textil-subio-92-en-diciembre-y-proyectan-una-recuperacion-este-ano\/","title":{"rendered":"La producci\u00f3n textil subi\u00f3 9,2% en diciembre y proyectan una recuperaci\u00f3n este a\u00f1o"},"content":{"rendered":"<p style=\"text-align: center;\"><em><strong>En lo que representa un dato significativo a nivel industrial, la producci\u00f3n textil creci\u00f3 9,2% interanual en diciembre, y por primera vez en dos a\u00f1os, todos los subrubros de la industria textil mostraron incrementos en su nivel de actividad<\/strong><\/em><\/p>\n<p>&nbsp;<\/p>\n<p>De acuerdo con un informe de la C\u00e1mara Industrial Argentina de la Indumentaria (CIAI), la din\u00e1mica de la producci\u00f3n textil &#8220;puede ser entendida como un anticipo del comportamiento del sector de indumentaria, pues la mayor parte de su producci\u00f3n es utilizada como un insumo por las f\u00e1bricas de confecci\u00f3n&#8221;. La relativa estabilidad econ\u00f3mica de los \u00faltimos meses ha permitido cierto crecimiento en las ventas de indumentaria en shoppings y supermercados.<\/p>\n<p>La estabilizaci\u00f3n del d\u00f3lar en torno a $60 y los congelamientos de tarifas de fines del a\u00f1o pasado trajeron calma a una econom\u00eda muy golpeada por los sobresaltos cambiarios desde abril de 2018, analiza la c\u00e1mara. En este contexto, las ventas de ropa crecieron en noviembre 5,8% interanual en shoppings y 2,3% en supermercados. Por su parte, las ventas en locales minoristas se contrajeron 2,7% en enero de 2020 comparado con enero de 2019, aunque se trata de la menor ca\u00edda desde marzo de 2018 (mes previo al inicio de la crisis).<\/p>\n<p>El relevamiento de enero de la Universidad Di Tella muestra un crecimiento de 30% en la confianza del consumidor respecto al mismo mes del a\u00f1o anterior. La \u00faltima informaci\u00f3n disponible en Indec de producci\u00f3n nacional de prendas de vestir muestra una disminuci\u00f3n de 4,4% interanual en diciembre, la menor ca\u00edda desde mayo de 2018. Para todo 2019, la fabricaci\u00f3n de ropa se redujo 13,5% comparado con 2018.<\/p>\n<p>Por su parte, en diciembre tambi\u00e9n crecieron las cantidades de ropa importada (35%), din\u00e1mica asociada al adelantamiento de importaciones.<\/p>\n","protected":false},"excerpt":{"rendered":"<p>En lo que representa un dato significativo a nivel industrial, la producci\u00f3n textil creci\u00f3 9,2% interanual en diciembre, y por primera vez en dos a\u00f1os, todos los subrubros de la industria textil mostraron incrementos en su nivel de actividad &nbsp; De acuerdo con un informe de la C\u00e1mara Industrial Argentina de la Indumentaria (CIAI), la din\u00e1mica de la producci\u00f3n textil &#8220;puede ser entendida como un anticipo del comportamiento del sector de indumentaria, pues la mayor parte de su producci\u00f3n es utilizada como un insumo por las f\u00e1bricas de confecci\u00f3n&#8221;. La&#8230;<\/p>\n","protected":false},"author":3,"featured_media":39820,"comment_status":"closed","ping_status":"closed","sticky":false,"template":"","format":"standard","meta":[],"categories":[2],"tags":[],"_links":{"self":[{"href":"https:\/\/www.actualidadadiario.com\/index.php\/wp-json\/wp\/v2\/posts\/57773"}],"collection":[{"href":"https:\/\/www.actualidadadiario.com\/index.php\/wp-json\/wp\/v2\/posts"}],"about":[{"href":"https:\/\/www.actualidadadiario.com\/index.php\/wp-json\/wp\/v2\/types\/post"}],"author":[{"embeddable":true,"href":"https:\/\/www.actualidadadiario.com\/index.php\/wp-json\/wp\/v2\/users\/3"}],"replies":[{"embeddable":true,"href":"https:\/\/www.actualidadadiario.com\/index.php\/wp-json\/wp\/v2\/comments?post=57773"}],"version-history":[{"count":1,"href":"https:\/\/www.actualidadadiario.com\/index.php\/wp-json\/wp\/v2\/posts\/57773\/revisions"}],"predecessor-version":[{"id":57774,"href":"https:\/\/www.actualidadadiario.com\/index.php\/wp-json\/wp\/v2\/posts\/57773\/revisions\/57774"}],"wp:featuredmedia":[{"embeddable":true,"href":"https:\/\/www.actualidadadiario.com\/index.php\/wp-json\/wp\/v2\/media\/39820"}],"wp:attachment":[{"href":"https:\/\/www.actualidadadiario.com\/index.php\/wp-json\/wp\/v2\/media?parent=57773"}],"wp:term":[{"taxonomy":"category","embeddable":true,"href":"https:\/\/www.actualidadadiario.com\/index.php\/wp-json\/wp\/v2\/categories?post=57773"},{"taxonomy":"post_tag","embeddable":true,"href":"https:\/\/www.actualidadadiario.com\/index.php\/wp-json\/wp\/v2\/tags?post=57773"}],"curies":[{"name":"wp","href":"https:\/\/api.w.org\/{rel}","templated":true}]}}