{"id":57770,"date":"2020-02-14T12:14:31","date_gmt":"2020-02-14T15:14:31","guid":{"rendered":"https:\/\/www.actualidadadiario.com\/?p=57770"},"modified":"2020-02-14T12:14:31","modified_gmt":"2020-02-14T15:14:31","slug":"confirman-que-son-12-los-chicos-wichis-internados-por-desnutricion","status":"publish","type":"post","link":"https:\/\/www.actualidadadiario.com\/index.php\/2020\/02\/14\/confirman-que-son-12-los-chicos-wichis-internados-por-desnutricion\/","title":{"rendered":"Confirman que son 12 los chicos wich\u00eds internados por desnutrici\u00f3n"},"content":{"rendered":"<p style=\"text-align: center;\"><em><strong>El ministro de Desarrollo Social de la Naci\u00f3n, Daniel Arroyo, advirti\u00f3 que la situaci\u00f3n es &#8221; verdaderamente grave&#8221;<\/strong><\/em><\/p>\n<p>&nbsp;<\/p>\n<p>&nbsp;<\/p>\n<p>El ministro de Desarrollo Social de la Naci\u00f3n, Daniel Arroyo, asegur\u00f3 que la situaci\u00f3n que atraviesa la comunidad wich\u00ed en Salta es &#8220;verdaderamente grave&#8221; y confirm\u00f3 que en este momento hay 12 chicos internados por desnutrici\u00f3n.<\/p>\n<p>Adem\u00e1s, coment\u00f3 que &#8220;se est\u00e1 dando asistencia alimentaria&#8221; para las comunidades ind\u00edgenas para asistir la emergencia y precis\u00f3 que el gobierno &#8220;est\u00e1 trabajando en la cuesti\u00f3n estructural&#8221;, como as\u00ed tambi\u00e9n en el seguimiento sanitario por la falta de agua potable.<\/p>\n<p>&#8220;Hab\u00eda 32 chicos internados, de los cuales 16 estaban en situaci\u00f3n grave en materia de nutrici\u00f3n&#8221;, record\u00f3 el ministro, quien adem\u00e1s explic\u00f3 que &#8220;hoy son 12 chicos internados en materia nutricional&#8221;.<\/p>\n","protected":false},"excerpt":{"rendered":"<p>El ministro de Desarrollo Social de la Naci\u00f3n, Daniel Arroyo, advirti\u00f3 que la situaci\u00f3n es &#8221; verdaderamente grave&#8221; &nbsp; &nbsp; El ministro de Desarrollo Social de la Naci\u00f3n, Daniel Arroyo, asegur\u00f3 que la situaci\u00f3n que atraviesa la comunidad wich\u00ed en Salta es &#8220;verdaderamente grave&#8221; y confirm\u00f3 que en este momento hay 12 chicos internados por desnutrici\u00f3n. Adem\u00e1s, coment\u00f3 que &#8220;se est\u00e1 dando asistencia alimentaria&#8221; para las comunidades ind\u00edgenas para asistir la emergencia y precis\u00f3 que el gobierno &#8220;est\u00e1 trabajando en la cuesti\u00f3n estructural&#8221;, como as\u00ed tambi\u00e9n en el seguimiento sanitario&#8230;<\/p>\n","protected":false},"author":3,"featured_media":57771,"comment_status":"closed","ping_status":"closed","sticky":false,"template":"","format":"standard","meta":[],"categories":[2],"tags":[],"_links":{"self":[{"href":"https:\/\/www.actualidadadiario.com\/index.php\/wp-json\/wp\/v2\/posts\/57770"}],"collection":[{"href":"https:\/\/www.actualidadadiario.com\/index.php\/wp-json\/wp\/v2\/posts"}],"about":[{"href":"https:\/\/www.actualidadadiario.com\/index.php\/wp-json\/wp\/v2\/types\/post"}],"author":[{"embeddable":true,"href":"https:\/\/www.actualidadadiario.com\/index.php\/wp-json\/wp\/v2\/users\/3"}],"replies":[{"embeddable":true,"href":"https:\/\/www.actualidadadiario.com\/index.php\/wp-json\/wp\/v2\/comments?post=57770"}],"version-history":[{"count":1,"href":"https:\/\/www.actualidadadiario.com\/index.php\/wp-json\/wp\/v2\/posts\/57770\/revisions"}],"predecessor-version":[{"id":57772,"href":"https:\/\/www.actualidadadiario.com\/index.php\/wp-json\/wp\/v2\/posts\/57770\/revisions\/57772"}],"wp:featuredmedia":[{"embeddable":true,"href":"https:\/\/www.actualidadadiario.com\/index.php\/wp-json\/wp\/v2\/media\/57771"}],"wp:attachment":[{"href":"https:\/\/www.actualidadadiario.com\/index.php\/wp-json\/wp\/v2\/media?parent=57770"}],"wp:term":[{"taxonomy":"category","embeddable":true,"href":"https:\/\/www.actualidadadiario.com\/index.php\/wp-json\/wp\/v2\/categories?post=57770"},{"taxonomy":"post_tag","embeddable":true,"href":"https:\/\/www.actualidadadiario.com\/index.php\/wp-json\/wp\/v2\/tags?post=57770"}],"curies":[{"name":"wp","href":"https:\/\/api.w.org\/{rel}","templated":true}]}}