{"id":57762,"date":"2020-02-14T12:11:09","date_gmt":"2020-02-14T15:11:09","guid":{"rendered":"https:\/\/www.actualidadadiario.com\/?p=57762"},"modified":"2020-02-14T12:11:09","modified_gmt":"2020-02-14T15:11:09","slug":"relanzaran-el-programa-remediar-de-distribucion-gratuita-de-medicamentos","status":"publish","type":"post","link":"https:\/\/www.actualidadadiario.com\/index.php\/2020\/02\/14\/relanzaran-el-programa-remediar-de-distribucion-gratuita-de-medicamentos\/","title":{"rendered":"Relanzar\u00e1n el Programa Remediar de distribuci\u00f3n gratuita de medicamentos"},"content":{"rendered":"<p style=\"text-align: center;\"><em><strong>El ministro Gin\u00e9s Gonz\u00e1lez Garc\u00eda revel\u00f3 que la semana pr\u00f3xima ser\u00e1 anunciado el relanzamiento del plan que consistir\u00e1 en la entrega de &#8220;botiquines en los cerca de 8.500 centros de atenci\u00f3n primaria&#8221; que funcionan en todo el pa\u00eds<\/strong><\/em><\/p>\n<p>&nbsp;<\/p>\n<p>&nbsp;<\/p>\n<p>El ministro de Salud, Gin\u00e9s Gonz\u00e1lez Garc\u00eda, revel\u00f3 esta ma\u00f1ana que la semana pr\u00f3xima ser\u00e1 anunciado el relanzamiento del Programa Remediar, consistente en la entrega de &#8220;botiquines en los cerca de 8.500 centros de atenci\u00f3n primaria&#8221; distribuidos en todo el pa\u00eds, lo cual permitir\u00e1 &#8220;acercar de nuevo la salud a las personas&#8221;.<\/p>\n<p>&#8220;Seguramente la semana pr\u00f3xima va a haber un anuncio oficial&#8221;, asever\u00f3 el titular de la cartera de Salud en declaraciones formuladas esta ma\u00f1ana a Radio Continental, en las que detall\u00f3 que se est\u00e1n ultimando los detalles para volver a poner en marcha &#8220;un programa que fue ejemplar, el Remediar, de distribuci\u00f3n gratuita de medicamentos esenciales en todos los centros de atenci\u00f3n primaria de la Argentina&#8221;.<\/p>\n<p>En este sentido, Gin\u00e9s Gonz\u00e1lez Garc\u00eda destac\u00f3 que &#8220;el acceso al medicamento no s\u00f3lo significa el acceso a un bien necesario, sino tambi\u00e9n la vuelta de la gente a la atenci\u00f3n primaria&#8221;, y subray\u00f3 que el programa procura &#8220;asegurar el acceso y los medicamentos a las personas m\u00e1s vulnerables&#8221;.<\/p>\n<p>&#8220;Es acercar de nuevo la salud a las personas&#8221;, resumi\u00f3 el funcionario, quien se\u00f1al\u00f3 que, en esta nueva versi\u00f3n, el programa Remediar distribuir\u00e1 los botiquines &#8220;con un sistema contratado de log\u00edstica, que llevar\u00e1 los medicamentos a cada lugar&#8221;, de manera tal de evitar que &#8220;inconvenientes tales como que no hab\u00eda nafta, o vi\u00e1ticos&#8221; para hacer llegar el material a cada lugar.<\/p>\n<p>Adem\u00e1s, en la entrevista que concedi\u00f3 esta ma\u00f1ana, el ministro detall\u00f3 que, ahora, los botiquines incorporar\u00e1n &#8220;otros medicamentos que antes no ten\u00edan, por ejemplo para uso psiqui\u00e1trico&#8221;.<\/p>\n<p>En este marco, insisti\u00f3 con que &#8220;la existencia de medicamentos gratis en la atenci\u00f3n primaria genera una inmediata recuperaci\u00f3n de la atenci\u00f3n primaria&#8221; porque, ahora, mucha gente desiste de ir a atenderse porque, frente a un diagn\u00f3stico preciso, le prescriben un medicamento que no se puede comprar, seg\u00fan detall\u00f3.<\/p>\n<p>El Programa Remediar fue uno de los pilares de la pol\u00edtica en materia de salud durante las gestiones del Frente para la Victoria, tanto bajo la presidencia de N\u00e9stor Kirchner como de Cristina Fern\u00e1ndez de Kirchner.<\/p>\n<p>&#8220;Ese programa fue cambiado de nombre y muy devaluado&#8221;, dijo Gin\u00e9s Gonz\u00e1lez Garc\u00eda en alusi\u00f3n al reemplazo dispuesto durante el gobierno de Mauricio Macri del Programa Remediar -que fue paulatinamente desactivado- por la denominada Cobertura Universal de Salud, lanzada en 2017.<\/p>\n","protected":false},"excerpt":{"rendered":"<p>El ministro Gin\u00e9s Gonz\u00e1lez Garc\u00eda revel\u00f3 que la semana pr\u00f3xima ser\u00e1 anunciado el relanzamiento del plan que consistir\u00e1 en la entrega de &#8220;botiquines en los cerca de 8.500 centros de atenci\u00f3n primaria&#8221; que funcionan en todo el pa\u00eds &nbsp; &nbsp; El ministro de Salud, Gin\u00e9s Gonz\u00e1lez Garc\u00eda, revel\u00f3 esta ma\u00f1ana que la semana pr\u00f3xima ser\u00e1 anunciado el relanzamiento del Programa Remediar, consistente en la entrega de &#8220;botiquines en los cerca de 8.500 centros de atenci\u00f3n primaria&#8221; distribuidos en todo el pa\u00eds, lo cual permitir\u00e1 &#8220;acercar de nuevo la salud a&#8230;<\/p>\n","protected":false},"author":3,"featured_media":57763,"comment_status":"closed","ping_status":"closed","sticky":false,"template":"","format":"standard","meta":[],"categories":[9],"tags":[],"_links":{"self":[{"href":"https:\/\/www.actualidadadiario.com\/index.php\/wp-json\/wp\/v2\/posts\/57762"}],"collection":[{"href":"https:\/\/www.actualidadadiario.com\/index.php\/wp-json\/wp\/v2\/posts"}],"about":[{"href":"https:\/\/www.actualidadadiario.com\/index.php\/wp-json\/wp\/v2\/types\/post"}],"author":[{"embeddable":true,"href":"https:\/\/www.actualidadadiario.com\/index.php\/wp-json\/wp\/v2\/users\/3"}],"replies":[{"embeddable":true,"href":"https:\/\/www.actualidadadiario.com\/index.php\/wp-json\/wp\/v2\/comments?post=57762"}],"version-history":[{"count":1,"href":"https:\/\/www.actualidadadiario.com\/index.php\/wp-json\/wp\/v2\/posts\/57762\/revisions"}],"predecessor-version":[{"id":57764,"href":"https:\/\/www.actualidadadiario.com\/index.php\/wp-json\/wp\/v2\/posts\/57762\/revisions\/57764"}],"wp:featuredmedia":[{"embeddable":true,"href":"https:\/\/www.actualidadadiario.com\/index.php\/wp-json\/wp\/v2\/media\/57763"}],"wp:attachment":[{"href":"https:\/\/www.actualidadadiario.com\/index.php\/wp-json\/wp\/v2\/media?parent=57762"}],"wp:term":[{"taxonomy":"category","embeddable":true,"href":"https:\/\/www.actualidadadiario.com\/index.php\/wp-json\/wp\/v2\/categories?post=57762"},{"taxonomy":"post_tag","embeddable":true,"href":"https:\/\/www.actualidadadiario.com\/index.php\/wp-json\/wp\/v2\/tags?post=57762"}],"curies":[{"name":"wp","href":"https:\/\/api.w.org\/{rel}","templated":true}]}}