{"id":57759,"date":"2020-02-14T12:10:08","date_gmt":"2020-02-14T15:10:08","guid":{"rendered":"https:\/\/www.actualidadadiario.com\/?p=57759"},"modified":"2020-02-14T12:10:08","modified_gmt":"2020-02-14T15:10:08","slug":"el-temporal-de-lluvia-y-viento-provoco-destrozos-en-localidades-entrerrianas","status":"publish","type":"post","link":"https:\/\/www.actualidadadiario.com\/index.php\/2020\/02\/14\/el-temporal-de-lluvia-y-viento-provoco-destrozos-en-localidades-entrerrianas\/","title":{"rendered":"El temporal de lluvia y viento provoc\u00f3 destrozos en localidades entrerrianas"},"content":{"rendered":"<p style=\"text-align: center;\"><em><strong>El temporal de lluvia y viento provoc\u00f3 voladuras de techos, ca\u00edda de \u00e1rboles y postes de luz en Isletas. La zona est\u00e1 sin luz y solicitar de las viviendas, a menos que sea una emergencia. Tambi\u00e9n reportaron da\u00f1os en la zona de Bovril<\/strong><\/em><\/p>\n<p>&nbsp;<\/p>\n<p>Un sector de la localidad de Isletas en el departamento Diamante fue afectado esta madrugada por un fuerte temporal de lluvia y viento que provoc\u00f3 varios destrozos.<\/p>\n<p>Seg\u00fan report\u00f3 Isletas Noticias, hubo voladuras de techos, ca\u00edda de \u00e1rboles y postes de luz. De hecho, por estas horas no hay energ\u00eda el\u00e9ctrica en toda la localidad.<\/p>\n<p>\u00abPedimos a los vecinos que transiten con precauci\u00f3n, estamos tratando de brindar respuestas\u00bb, asegur\u00f3 el presidente de la Junta de Gobierno, Lucas Eichmann, quien describi\u00f3 que toda la localidad est\u00e1 sin energ\u00eda el\u00e9ctrica \u00abpor la ca\u00edda de postes y cables, tambi\u00e9n se produjo la voladura de algunos techos y ca\u00edda de \u00e1rboles\u00bb.<\/p>\n<p>El jefe comunal pidi\u00f3 no salir de no ser en caso de emergencia y transitar con precauci\u00f3n por el camino de ripio que une Isletas con General Ram\u00edrez, especialmente a la altura de la Capilla San Lorenzo, debido a los gajos y cables que cayeron sobre la v\u00eda de tr\u00e1nsito.<\/p>\n<p>\u00abEstamos evaluando los da\u00f1os y tratando de brindar las respuestas lo m\u00e1s r\u00e1pido posible de acuerdo a un orden de prioridad\u00bb, adelant\u00f3 el dirigente a Isletas Noticias.<\/p>\n<p>Tambi\u00e9n se reportaron da\u00f1os como consecuencia del temporal en la localidad de Bovril. Se aguardaban mayores datos al respecto.<\/p>\n","protected":false},"excerpt":{"rendered":"<p>El temporal de lluvia y viento provoc\u00f3 voladuras de techos, ca\u00edda de \u00e1rboles y postes de luz en Isletas. La zona est\u00e1 sin luz y solicitar de las viviendas, a menos que sea una emergencia. Tambi\u00e9n reportaron da\u00f1os en la zona de Bovril &nbsp; Un sector de la localidad de Isletas en el departamento Diamante fue afectado esta madrugada por un fuerte temporal de lluvia y viento que provoc\u00f3 varios destrozos. Seg\u00fan report\u00f3 Isletas Noticias, hubo voladuras de techos, ca\u00edda de \u00e1rboles y postes de luz. De hecho, por estas&#8230;<\/p>\n","protected":false},"author":3,"featured_media":57760,"comment_status":"closed","ping_status":"closed","sticky":false,"template":"","format":"standard","meta":[],"categories":[15],"tags":[],"_links":{"self":[{"href":"https:\/\/www.actualidadadiario.com\/index.php\/wp-json\/wp\/v2\/posts\/57759"}],"collection":[{"href":"https:\/\/www.actualidadadiario.com\/index.php\/wp-json\/wp\/v2\/posts"}],"about":[{"href":"https:\/\/www.actualidadadiario.com\/index.php\/wp-json\/wp\/v2\/types\/post"}],"author":[{"embeddable":true,"href":"https:\/\/www.actualidadadiario.com\/index.php\/wp-json\/wp\/v2\/users\/3"}],"replies":[{"embeddable":true,"href":"https:\/\/www.actualidadadiario.com\/index.php\/wp-json\/wp\/v2\/comments?post=57759"}],"version-history":[{"count":1,"href":"https:\/\/www.actualidadadiario.com\/index.php\/wp-json\/wp\/v2\/posts\/57759\/revisions"}],"predecessor-version":[{"id":57761,"href":"https:\/\/www.actualidadadiario.com\/index.php\/wp-json\/wp\/v2\/posts\/57759\/revisions\/57761"}],"wp:featuredmedia":[{"embeddable":true,"href":"https:\/\/www.actualidadadiario.com\/index.php\/wp-json\/wp\/v2\/media\/57760"}],"wp:attachment":[{"href":"https:\/\/www.actualidadadiario.com\/index.php\/wp-json\/wp\/v2\/media?parent=57759"}],"wp:term":[{"taxonomy":"category","embeddable":true,"href":"https:\/\/www.actualidadadiario.com\/index.php\/wp-json\/wp\/v2\/categories?post=57759"},{"taxonomy":"post_tag","embeddable":true,"href":"https:\/\/www.actualidadadiario.com\/index.php\/wp-json\/wp\/v2\/tags?post=57759"}],"curies":[{"name":"wp","href":"https:\/\/api.w.org\/{rel}","templated":true}]}}