{"id":57753,"date":"2020-02-14T12:08:26","date_gmt":"2020-02-14T15:08:26","guid":{"rendered":"https:\/\/www.actualidadadiario.com\/?p=57753"},"modified":"2020-02-14T12:08:26","modified_gmt":"2020-02-14T15:08:26","slug":"ya-estan-confirmados-los-cambios-de-jefaturas-de-la-policia-de-entre-rios","status":"publish","type":"post","link":"https:\/\/www.actualidadadiario.com\/index.php\/2020\/02\/14\/ya-estan-confirmados-los-cambios-de-jefaturas-de-la-policia-de-entre-rios\/","title":{"rendered":"Ya est\u00e1n confirmados los cambios de Jefaturas de la Polic\u00eda de Entre R\u00edos"},"content":{"rendered":"<p style=\"text-align: center;\"><em><strong>En las \u00faltimas horas se conocieron detalles del decreto, por el cual se disponen los cambios en las Jefaturas de Polic\u00eda de toda la provincia. Los cambios se producir\u00edan desde fines de febrero. Los cambios y las nuevas autoridades<\/strong><\/em><\/p>\n<p>&nbsp;<\/p>\n<p>Se confirmaron los cambios en la plana mayor de la Polic\u00eda de Entre R\u00edos. A trav\u00e9s del Decreto 161\/20, el gobierno entrerriano oficializ\u00f3 las asunciones que en breve operar\u00e1n en la fuerza de seguridad de la provincia, habida cuenta de los ascensos jer\u00e1rquicos que lo impulsan.<\/p>\n<p>En el mismo, se establecen las nuevas designaciones para la plana mayor de la Polic\u00eda de Entre R\u00edos. Como cada a\u00f1o, el ascenso jer\u00e1rquico del recurso humano impulsa los cambios respectivos.<\/p>\n<p>El actual Jefe Departamental Paran\u00e1, Crio. Myor. Marcos Antoniow, se har\u00e1 cargo de la Subdirecci\u00f3n de Operaciones y Seguridad.<\/p>\n<p>En tanto, la Jefatura Departamental Paran\u00e1, estar\u00e1 bajo la directiva del Crio. Insp. Adalberto Ra\u00fal Menescardi, acompa\u00f1ado por el Subjefe Crio. Insp. Carlos Fernando Echaniz.<\/p>\n<p>&nbsp;<\/p>\n<p><strong>Designaciones<\/strong><\/p>\n<p><strong>Direcci\u00f3n de Prevenci\u00f3n de Delitos Rurales:<\/strong> Crio. Gral. Mario Francisco Z\u00e1rate.<\/p>\n<p><strong>Direcci\u00f3n de Ayudant\u00eda General:<\/strong> Crio. Myor. Marcelo Dar\u00edo Den Dauw.<\/p>\n<p><strong>Direcci\u00f3n de Inteligencia Criminal:<\/strong> Crio. Myor. Marcos Daniel Schmunk.<\/p>\n<p><strong>Direcci\u00f3n de Inteligencia:<\/strong> Crio. Myor. Lisardo Noel Spretz.<\/p>\n<p><strong>Direcci\u00f3n de Criminal\u00edstica:<\/strong> Crio. Myor. Daniel Fabi\u00e1n Randisi.<\/p>\n<p><strong>Subdirecci\u00f3n de Ayudant\u00eda General:<\/strong> Crio. Insp. Alejandro Jos\u00e9 Ceferino Ch\u00e1vez.<\/p>\n<p><strong>Subdirecci\u00f3n de Inteligencia:<\/strong> Crio. Insp. Marcelo Omar Leonhardt.<\/p>\n<p><strong>Jefatura Departamental Col\u00f3n:<\/strong> Crio. Myor. Sergio Arnoldo Gor\u00f3.<\/p>\n<p><strong>Jefatura Departamental Villaguay:<\/strong> Crio. Insp. Walter Alberto Reisenauer.<\/p>\n<p><strong>Jefatura Departamental Victoria:<\/strong> Crio. Insp. Omar Alberto Regondi.<\/p>\n<p><strong>Jefatura Departamental Tala:<\/strong> Crio. Insp. C\u00e9sar Daniel Primo.<\/p>\n<p><strong>Jefatura Departamental Gualeguay:<\/strong> Crio. Myor. Milton Javier Taulada.<\/p>\n<p><strong>Jefatura Departamental San Salvador:<\/strong> Crio. Insp. Miriam Alejandra Cabello del Campo.<\/p>\n<p><strong>Jefatura Departamental Uruguay:<\/strong> Crio. Insp. Luis Mart\u00edn Gaillard.<\/p>\n<p><strong>Jefatura Departamental Federaci\u00f3n:<\/strong> Crio. Myor. Fabio Ariel Noya.<\/p>\n<p><strong>Jefatura Departamental Feliciano:<\/strong> Crio. Insp. L\u00e1zaro Ram\u00f3n Salinas.<\/p>\n<p><strong>Subjefatura Departamental Tala:<\/strong> Crio. Insp. Horacio Rub\u00e9n Caba\u00f1a.<\/p>\n<p><strong>Subjefatura Departamental Federal:<\/strong> Crio. Insp. Carlos Alberto Kindernecht.<\/p>\n<p><strong>Subjefatura Departamental San Salvador:<\/strong> Crio. Insp. Emilio Germ\u00e1n Piaggio.<\/p>\n<p><strong>Subjefatura Departamental Victoria:<\/strong> Crio. Insp. Roberto Daniel Borr\u00e9.<\/p>\n<p><strong>Subjefatura Departamental Villaguay:<\/strong> Crio. Insp. Cristian Ariel Medrano.<\/p>\n<p><strong>Subjefatura Departamental Federaci\u00f3n:<\/strong> Crio. Insp. Luis Ignacio Pereyra.<\/p>\n<p><strong>Subjefatura Departamental Uruguay:<\/strong> Crio. Insp. Sergio Gustavo Cardona.<\/p>\n<p><strong>Subjefatura Departamental Gualeguay:<\/strong> Crio. Insp. Jorge Andr\u00e9s Sosa.<\/p>\n<p><strong>Subjefatura Departamental Col\u00f3n:<\/strong> Crio. Insp. H\u00e9ctor Omar Villalba.<\/p>\n<p><strong>Subjefatura Departamental Gualeguaych\u00fa:<\/strong> Crio. Insp. Yari Saba Nah\u00fan Sosa.<\/p>\n","protected":false},"excerpt":{"rendered":"<p>En las \u00faltimas horas se conocieron detalles del decreto, por el cual se disponen los cambios en las Jefaturas de Polic\u00eda de toda la provincia. Los cambios se producir\u00edan desde fines de febrero. Los cambios y las nuevas autoridades &nbsp; Se confirmaron los cambios en la plana mayor de la Polic\u00eda de Entre R\u00edos. A trav\u00e9s del Decreto 161\/20, el gobierno entrerriano oficializ\u00f3 las asunciones que en breve operar\u00e1n en la fuerza de seguridad de la provincia, habida cuenta de los ascensos jer\u00e1rquicos que lo impulsan. En el mismo, se&#8230;<\/p>\n","protected":false},"author":3,"featured_media":57754,"comment_status":"closed","ping_status":"closed","sticky":false,"template":"","format":"standard","meta":[],"categories":[15],"tags":[],"_links":{"self":[{"href":"https:\/\/www.actualidadadiario.com\/index.php\/wp-json\/wp\/v2\/posts\/57753"}],"collection":[{"href":"https:\/\/www.actualidadadiario.com\/index.php\/wp-json\/wp\/v2\/posts"}],"about":[{"href":"https:\/\/www.actualidadadiario.com\/index.php\/wp-json\/wp\/v2\/types\/post"}],"author":[{"embeddable":true,"href":"https:\/\/www.actualidadadiario.com\/index.php\/wp-json\/wp\/v2\/users\/3"}],"replies":[{"embeddable":true,"href":"https:\/\/www.actualidadadiario.com\/index.php\/wp-json\/wp\/v2\/comments?post=57753"}],"version-history":[{"count":1,"href":"https:\/\/www.actualidadadiario.com\/index.php\/wp-json\/wp\/v2\/posts\/57753\/revisions"}],"predecessor-version":[{"id":57755,"href":"https:\/\/www.actualidadadiario.com\/index.php\/wp-json\/wp\/v2\/posts\/57753\/revisions\/57755"}],"wp:featuredmedia":[{"embeddable":true,"href":"https:\/\/www.actualidadadiario.com\/index.php\/wp-json\/wp\/v2\/media\/57754"}],"wp:attachment":[{"href":"https:\/\/www.actualidadadiario.com\/index.php\/wp-json\/wp\/v2\/media?parent=57753"}],"wp:term":[{"taxonomy":"category","embeddable":true,"href":"https:\/\/www.actualidadadiario.com\/index.php\/wp-json\/wp\/v2\/categories?post=57753"},{"taxonomy":"post_tag","embeddable":true,"href":"https:\/\/www.actualidadadiario.com\/index.php\/wp-json\/wp\/v2\/tags?post=57753"}],"curies":[{"name":"wp","href":"https:\/\/api.w.org\/{rel}","templated":true}]}}