{"id":57751,"date":"2020-02-14T12:07:29","date_gmt":"2020-02-14T15:07:29","guid":{"rendered":"https:\/\/www.actualidadadiario.com\/?p=57751"},"modified":"2020-02-14T12:07:29","modified_gmt":"2020-02-14T15:07:29","slug":"docentes-piden-urgente-convocatoria-a-bordet-para-discutir-salarios","status":"publish","type":"post","link":"https:\/\/www.actualidadadiario.com\/index.php\/2020\/02\/14\/docentes-piden-urgente-convocatoria-a-bordet-para-discutir-salarios\/","title":{"rendered":"Docentes piden urgente convocatoria a Bordet para discutir salarios"},"content":{"rendered":"<p style=\"text-align: center;\"><em><strong>Con el pago del aumento a quienes cobran m\u00e1s de 55 mil pesos, este s\u00e1bado finaliza el acuerdo paritario docente. Es en este sentido que Agmer pide una reuni\u00f3n a Bordet. \u201cEs el gobierno el que tiene la responsabilidad de garantizar los 180 d\u00edas de clases y para esto debe convocarnos a discutir una nueva pauta salarial\u201d, sostuvo el secretario general de Agmer, Guillermo Zampedri<\/strong><\/em><\/p>\n<p>&nbsp;<\/p>\n<p>El presidente del Consejo de Educaci\u00f3n, Mart\u00edn M\u00fcller, afirm\u00f3 que Entre R\u00edos cumplir\u00e1 este a\u00f1o con los 180 d\u00edas de clases.<\/p>\n<p>Al respecto, el dirigente de Agmer Guillermo Zampedri sostuvo: \u201cNosotros estamos de acuerdo con el calendario de 180 d\u00edas de clases e insistimos en que los chicos tienen que estar en la escuela, pero que esto se pueda cumplir depende del Gobierno provincial\u201d.<\/p>\n<p>\u201cEste s\u00e1bado 15 cobran el aumento de 11,7% los docentes que ganan m\u00e1s de 55 mil pesos y con eso damos por finalizado un acuerdo paritario que fue altamente positivo porque le hemos disputado a un a\u00f1o terriblemente inflacionario una recomposici\u00f3n salarial del 57,8%\u201d, sostuvo.<\/p>\n<p>Es en este marco que manifest\u00f3 \u201cQueremos ser convocados por el Gobierno provincial y le estamos planteando al gobernador Gustavo Bordet que debemos ser convocados con urgencia porque necesitamos discutir una pauta salarial para el a\u00f1o en curso\u201d.<\/p>\n<p>\u201cEs el Gobierno provincial el que tiene la responsabilidad de garantizar los 180 d\u00edas de clases y para esto debe convocarnos a discutir una pauta salarial\u201d, asever\u00f3.<\/p>\n<p>Y agreg\u00f3: \u201cTenemos expectativas con respecto a la posibilidad de volver a firmar un acuerdo paritario que contenga las demandas del colectivo docente y que implique ganarle a la inflaci\u00f3n\u201d.<\/p>\n<p>Por \u00faltimo, record\u00f3 que el Plenario de Secretarios Generales, que se reuni\u00f3 el 6 de febrero pasado, estableci\u00f3 un horizonte claro: los trabajadores de la educaci\u00f3n de la provincia de Entre R\u00edos queremos ganarle a la inflaci\u00f3n\u201d.<\/p>\n","protected":false},"excerpt":{"rendered":"<p>Con el pago del aumento a quienes cobran m\u00e1s de 55 mil pesos, este s\u00e1bado finaliza el acuerdo paritario docente. Es en este sentido que Agmer pide una reuni\u00f3n a Bordet. \u201cEs el gobierno el que tiene la responsabilidad de garantizar los 180 d\u00edas de clases y para esto debe convocarnos a discutir una nueva pauta salarial\u201d, sostuvo el secretario general de Agmer, Guillermo Zampedri &nbsp; El presidente del Consejo de Educaci\u00f3n, Mart\u00edn M\u00fcller, afirm\u00f3 que Entre R\u00edos cumplir\u00e1 este a\u00f1o con los 180 d\u00edas de clases. Al respecto, el&#8230;<\/p>\n","protected":false},"author":3,"featured_media":1617,"comment_status":"closed","ping_status":"closed","sticky":false,"template":"","format":"standard","meta":[],"categories":[15],"tags":[],"_links":{"self":[{"href":"https:\/\/www.actualidadadiario.com\/index.php\/wp-json\/wp\/v2\/posts\/57751"}],"collection":[{"href":"https:\/\/www.actualidadadiario.com\/index.php\/wp-json\/wp\/v2\/posts"}],"about":[{"href":"https:\/\/www.actualidadadiario.com\/index.php\/wp-json\/wp\/v2\/types\/post"}],"author":[{"embeddable":true,"href":"https:\/\/www.actualidadadiario.com\/index.php\/wp-json\/wp\/v2\/users\/3"}],"replies":[{"embeddable":true,"href":"https:\/\/www.actualidadadiario.com\/index.php\/wp-json\/wp\/v2\/comments?post=57751"}],"version-history":[{"count":1,"href":"https:\/\/www.actualidadadiario.com\/index.php\/wp-json\/wp\/v2\/posts\/57751\/revisions"}],"predecessor-version":[{"id":57752,"href":"https:\/\/www.actualidadadiario.com\/index.php\/wp-json\/wp\/v2\/posts\/57751\/revisions\/57752"}],"wp:featuredmedia":[{"embeddable":true,"href":"https:\/\/www.actualidadadiario.com\/index.php\/wp-json\/wp\/v2\/media\/1617"}],"wp:attachment":[{"href":"https:\/\/www.actualidadadiario.com\/index.php\/wp-json\/wp\/v2\/media?parent=57751"}],"wp:term":[{"taxonomy":"category","embeddable":true,"href":"https:\/\/www.actualidadadiario.com\/index.php\/wp-json\/wp\/v2\/categories?post=57751"},{"taxonomy":"post_tag","embeddable":true,"href":"https:\/\/www.actualidadadiario.com\/index.php\/wp-json\/wp\/v2\/tags?post=57751"}],"curies":[{"name":"wp","href":"https:\/\/api.w.org\/{rel}","templated":true}]}}