{"id":57748,"date":"2020-02-14T12:06:46","date_gmt":"2020-02-14T15:06:46","guid":{"rendered":"https:\/\/www.actualidadadiario.com\/?p=57748"},"modified":"2020-02-14T12:06:46","modified_gmt":"2020-02-14T15:06:46","slug":"entre-rios-estuvo-presente-en-la-primera-reunion-del-consejo-de-seguridad-interior-2020","status":"publish","type":"post","link":"https:\/\/www.actualidadadiario.com\/index.php\/2020\/02\/14\/entre-rios-estuvo-presente-en-la-primera-reunion-del-consejo-de-seguridad-interior-2020\/","title":{"rendered":"Entre R\u00edos estuvo presente en la primera reuni\u00f3n del Consejo de Seguridad Interior 2020"},"content":{"rendered":"<p style=\"text-align: center;\"><em><strong>Se realiz\u00f3 en Tucum\u00e1n la primera reuni\u00f3n del Consejo de Seguridad Interior del a\u00f1o, de la que participaron autoridades y representantes de seguridad de todas las provincias<\/strong><\/em><\/p>\n<p>&nbsp;<\/p>\n<p>&nbsp;<\/p>\n<p>La jornada, desarrollada en el Hotel Catalina&#8217;s Park de San Miguel de Tucum\u00e1n, estuvo encabezada por las ministras nacionales de Seguridad, Sabina Frederic y de Justicia, Marcela Losardo, junto al presidente de la c\u00e1mara de Diputados de la Naci\u00f3n, Sergio Massa y el gobernador de la Provincia, Juan Manzur.<\/p>\n<p>La ministra de Gobierno y Justicia, Rosario Romero, particip\u00f3 de las mesas de di\u00e1logo con actores gubernamentales y de la Sociedad Civil, junto al jefe de Polic\u00eda, Gustavo Maslein.<\/p>\n<p>Durante el acto de apertura de la ministra de Seguridad de la Naci\u00f3n, Sabina Frederic, ratific\u00f3 el compromiso del Gobierno Nacional de \u201ctrabajar por la seguridad social en el territorio argentino\u201d y se\u00f1al\u00f3 que las tareas de los funcionarios \u201crequiere mejorar la gesti\u00f3n d\u00eda a d\u00eda, para poder elaborar, estudiar y resolver lo que arrojen los mapas del delito, y administrar inteligentemente la disposici\u00f3n de la fuerza de seguridad. Debemos extender y mejorar los programas en los barrios, trabajando de manera articulada con los gobiernos locales. La prevenci\u00f3n social del delito no es un eslogan, es un imperativo que nos mejora como sociedad\u201d, subray\u00f3.<\/p>\n<p>Durante la reuni\u00f3n del Consejo los representantes de seguridad de todas las provincias pudieron intercambiar experiencias y trabajar en herramientas conjuntas, que les permitan articular esfuerzos en materia de seguridad y capacitaci\u00f3n.<\/p>\n<p>La ministra de Gobierno y Justicia, Rosario Romero, celebr\u00f3 el espacio que constituye este Consejo de Seguridad Interior que se viene implementando hace ya varios a\u00f1os \u201creunir a los ministros del pa\u00eds vinculados con la tem\u00e1tica de Seguridad, es un buen sistema que permite el di\u00e1logo y el trabajo conjunto\u201d.<\/p>\n<p>En este sentido, la ministra Romero subray\u00f3: \u201cDurante su discurso, la Ministra Frederic, nos convoc\u00f3 a continuar fortaleciendo a las fuerzas de seguridad, brindando capacitaciones con el objetivo de fortalecer las herramientas para combatir el delito, cuidando que no exista comisi\u00f3n de delito\u201d.<\/p>\n<p>Durante la reuni\u00f3n del Consejo se trabajaron temas vinculados a pasos fronterizos y la articulaci\u00f3n internacional para garantizar seguridad en cada territorio.<\/p>\n<p>\u201cDialogamos en relaci\u00f3n a las tareas que se llevar\u00e1n adelante en fronteras con pa\u00edses vecinos, donde se buscar\u00e1 fortalecer los lazos de amistad con el fin de reforzar la prevenci\u00f3n del delito\u201d, agreg\u00f3.<\/p>\n<p>Al momento de su intervenci\u00f3n, la Ministra Romero destac\u00f3 la experiencia entrerriana en materia de combate al narcomenudeo, ponderando la labor judicial, de fiscalia y de la Polic\u00eda. Tambi\u00e9n destac\u00f3 la campa\u00f1a del gobierno de Entre R\u00edos contra las estafas telef\u00f3nicas, solicitando que se haga una campa\u00f1a nacional para enfrentar ese delito.<\/p>\n<p>Durante la reuni\u00f3n del Consejo estuvieron presentes tambi\u00e9n los jefes de Prefectura Naval, Gendarmer\u00eda, Polic\u00eda Federal y de Seguridad Aeron\u00e1utica.<\/p>\n","protected":false},"excerpt":{"rendered":"<p>Se realiz\u00f3 en Tucum\u00e1n la primera reuni\u00f3n del Consejo de Seguridad Interior del a\u00f1o, de la que participaron autoridades y representantes de seguridad de todas las provincias &nbsp; &nbsp; La jornada, desarrollada en el Hotel Catalina&#8217;s Park de San Miguel de Tucum\u00e1n, estuvo encabezada por las ministras nacionales de Seguridad, Sabina Frederic y de Justicia, Marcela Losardo, junto al presidente de la c\u00e1mara de Diputados de la Naci\u00f3n, Sergio Massa y el gobernador de la Provincia, Juan Manzur. La ministra de Gobierno y Justicia, Rosario Romero, particip\u00f3 de las mesas&#8230;<\/p>\n","protected":false},"author":3,"featured_media":57749,"comment_status":"closed","ping_status":"closed","sticky":false,"template":"","format":"standard","meta":[],"categories":[15],"tags":[],"_links":{"self":[{"href":"https:\/\/www.actualidadadiario.com\/index.php\/wp-json\/wp\/v2\/posts\/57748"}],"collection":[{"href":"https:\/\/www.actualidadadiario.com\/index.php\/wp-json\/wp\/v2\/posts"}],"about":[{"href":"https:\/\/www.actualidadadiario.com\/index.php\/wp-json\/wp\/v2\/types\/post"}],"author":[{"embeddable":true,"href":"https:\/\/www.actualidadadiario.com\/index.php\/wp-json\/wp\/v2\/users\/3"}],"replies":[{"embeddable":true,"href":"https:\/\/www.actualidadadiario.com\/index.php\/wp-json\/wp\/v2\/comments?post=57748"}],"version-history":[{"count":1,"href":"https:\/\/www.actualidadadiario.com\/index.php\/wp-json\/wp\/v2\/posts\/57748\/revisions"}],"predecessor-version":[{"id":57750,"href":"https:\/\/www.actualidadadiario.com\/index.php\/wp-json\/wp\/v2\/posts\/57748\/revisions\/57750"}],"wp:featuredmedia":[{"embeddable":true,"href":"https:\/\/www.actualidadadiario.com\/index.php\/wp-json\/wp\/v2\/media\/57749"}],"wp:attachment":[{"href":"https:\/\/www.actualidadadiario.com\/index.php\/wp-json\/wp\/v2\/media?parent=57748"}],"wp:term":[{"taxonomy":"category","embeddable":true,"href":"https:\/\/www.actualidadadiario.com\/index.php\/wp-json\/wp\/v2\/categories?post=57748"},{"taxonomy":"post_tag","embeddable":true,"href":"https:\/\/www.actualidadadiario.com\/index.php\/wp-json\/wp\/v2\/tags?post=57748"}],"curies":[{"name":"wp","href":"https:\/\/api.w.org\/{rel}","templated":true}]}}