{"id":57746,"date":"2020-02-14T12:06:02","date_gmt":"2020-02-14T15:06:02","guid":{"rendered":"https:\/\/www.actualidadadiario.com\/?p=57746"},"modified":"2020-02-14T12:06:02","modified_gmt":"2020-02-14T15:06:02","slug":"solicitan-extremar-las-medidas-de-prevencion-ante-otros-casos-de-dengue-autoctono","status":"publish","type":"post","link":"https:\/\/www.actualidadadiario.com\/index.php\/2020\/02\/14\/solicitan-extremar-las-medidas-de-prevencion-ante-otros-casos-de-dengue-autoctono\/","title":{"rendered":"Solicitan extremar las medidas de prevenci\u00f3n ante otros casos de dengue aut\u00f3ctono"},"content":{"rendered":"<p style=\"text-align: center;\"><em><strong>A partir de las acciones de bloqueo y b\u00fasqueda de febriles que se est\u00e1n realizando entre el Ministerio de Salud y la Municipalidad de Paran\u00e1 en la zona c\u00e9ntrica de la ciudad, se detectaron tres nuevos casos de dengue aut\u00f3ctono. Las autoridades solicitaron extremar las medidas de prevenci\u00f3n<\/strong><\/em><\/p>\n<p>&nbsp;<\/p>\n<p>&nbsp;<\/p>\n<p>Desde la confirmaci\u00f3n del primer caso aut\u00f3ctono de dengue en Paran\u00e1, las autoridades sanitarias provinciales y municipales aunaron esfuerzos e intensificaron las tareas en terreno tanto de fumigaci\u00f3n como de concientizaci\u00f3n de los vecinos acerca de las medidas de prevenci\u00f3n.<\/p>\n<p>Puntualmente, la Direcci\u00f3n de Epidemiolog\u00eda del Ministerio de Salud de Entre R\u00edos y la Subsecretar\u00eda de Ambiente y Acci\u00f3n Clim\u00e1tica de la Municipalidad de Paran\u00e1, impulsan en estas \u00faltimas horas bloqueos sanitarios en la zona c\u00e9ntrica de la capital entrerriana.<\/p>\n<p>En este marco desde la cartera sanitaria provincial confirmaron tres nuevos casos de dengue aut\u00f3ctono. Al respecto el director de Epidemiolog\u00eda, Diego Garcilazo, indic\u00f3: \u201cComo resultado de la b\u00fasqueda de febriles que se realiz\u00f3 en el \u00e1rea donde se encontr\u00f3 el primer caso aut\u00f3ctono, los epidemi\u00f3logos detectaron seis personas que ten\u00edan s\u00edntomas que pod\u00edan hacer sospechar la enfermedad, y finalmente tres de ellos fueron diagnosticados por laboratorio\u201d.<\/p>\n<p>Por su parte, la subsecretaria de Ambiente y Acci\u00f3n Clim\u00e1tica de la comuna paranaense, Vanesa Zehnder, expres\u00f3: \u201cEstamos haciendo las acciones que corresponden como las medidas de bloqueo, ante casos de dengue aut\u00f3ctono. Para ello, la cooperaci\u00f3n de la poblaci\u00f3n es imprescindible. Es importante que al interior de cada vivienda eliminemos los posibles criaderos de mosquitos, por el bienestar de la familia propia y de los vecinos\u201d.<\/p>\n<p>A partir de estos nuevos casos, las autoridades sanitarias provinciales y municipales resolvieron expandir las \u00e1reas de bloqueo, y continuar la b\u00fasqueda activa de personas con sintomatolog\u00eda relacionada a la enfermedad.<\/p>\n<p>Cabe citar que el dengue es un virus que se transmite por la picadura de mosquitos Aedes aegypti infectados. Estos insectos tienen h\u00e1bitos domiciliarios y para combatirlos es imprescindible erradicar los criaderos como baldes, cubiertas, y otros recipientes que puedan acumular agua, d\u00e1ndolos vuelta, vaci\u00e1ndolos o tap\u00e1ndolos.<\/p>\n<p>Asimismo, como medida de protecci\u00f3n personal, se recomienda utilizar repelentes y mosquiteros para evitar la picadura.<\/p>\n<p>Por \u00faltimo, ante s\u00edntomas como fiebre sin resfr\u00edo, dolor detr\u00e1s de los ojos o al mover los ojos, dolor de cabeza o en articulaciones y m\u00fasculos, manchas o erupci\u00f3n en la piel acompa\u00f1adas de picaz\u00f3n, cansancio intenso, resulta fundamental hacer la consulta m\u00e9dica cuanto antes al hospital o centro de salud m\u00e1s cercano al domicilio.<\/p>\n<p>&nbsp;<\/p>\n<p><strong>Para tener en cuenta<\/strong><\/p>\n<p>A la fecha se suman a estos cuatro casos aut\u00f3ctonos de Paran\u00e1, otros 20 importados en Entre R\u00edos: Gualeguaych\u00fa (diez); Diamante (cinco); Paran\u00e1 (dos); y Concordia (tres), seg\u00fan los datos suministrados por el Departamento de Vigilancia dependiente de la Direcci\u00f3n de Epidemiolog\u00eda del Ministerio de Salud.<\/p>\n","protected":false},"excerpt":{"rendered":"<p>A partir de las acciones de bloqueo y b\u00fasqueda de febriles que se est\u00e1n realizando entre el Ministerio de Salud y la Municipalidad de Paran\u00e1 en la zona c\u00e9ntrica de la ciudad, se detectaron tres nuevos casos de dengue aut\u00f3ctono. Las autoridades solicitaron extremar las medidas de prevenci\u00f3n &nbsp; &nbsp; Desde la confirmaci\u00f3n del primer caso aut\u00f3ctono de dengue en Paran\u00e1, las autoridades sanitarias provinciales y municipales aunaron esfuerzos e intensificaron las tareas en terreno tanto de fumigaci\u00f3n como de concientizaci\u00f3n de los vecinos acerca de las medidas de prevenci\u00f3n&#8230;.<\/p>\n","protected":false},"author":3,"featured_media":6700,"comment_status":"closed","ping_status":"closed","sticky":false,"template":"","format":"standard","meta":[],"categories":[15],"tags":[],"_links":{"self":[{"href":"https:\/\/www.actualidadadiario.com\/index.php\/wp-json\/wp\/v2\/posts\/57746"}],"collection":[{"href":"https:\/\/www.actualidadadiario.com\/index.php\/wp-json\/wp\/v2\/posts"}],"about":[{"href":"https:\/\/www.actualidadadiario.com\/index.php\/wp-json\/wp\/v2\/types\/post"}],"author":[{"embeddable":true,"href":"https:\/\/www.actualidadadiario.com\/index.php\/wp-json\/wp\/v2\/users\/3"}],"replies":[{"embeddable":true,"href":"https:\/\/www.actualidadadiario.com\/index.php\/wp-json\/wp\/v2\/comments?post=57746"}],"version-history":[{"count":1,"href":"https:\/\/www.actualidadadiario.com\/index.php\/wp-json\/wp\/v2\/posts\/57746\/revisions"}],"predecessor-version":[{"id":57747,"href":"https:\/\/www.actualidadadiario.com\/index.php\/wp-json\/wp\/v2\/posts\/57746\/revisions\/57747"}],"wp:featuredmedia":[{"embeddable":true,"href":"https:\/\/www.actualidadadiario.com\/index.php\/wp-json\/wp\/v2\/media\/6700"}],"wp:attachment":[{"href":"https:\/\/www.actualidadadiario.com\/index.php\/wp-json\/wp\/v2\/media?parent=57746"}],"wp:term":[{"taxonomy":"category","embeddable":true,"href":"https:\/\/www.actualidadadiario.com\/index.php\/wp-json\/wp\/v2\/categories?post=57746"},{"taxonomy":"post_tag","embeddable":true,"href":"https:\/\/www.actualidadadiario.com\/index.php\/wp-json\/wp\/v2\/tags?post=57746"}],"curies":[{"name":"wp","href":"https:\/\/api.w.org\/{rel}","templated":true}]}}