{"id":57743,"date":"2020-02-14T12:05:22","date_gmt":"2020-02-14T15:05:22","guid":{"rendered":"https:\/\/www.actualidadadiario.com\/?p=57743"},"modified":"2020-02-14T12:05:22","modified_gmt":"2020-02-14T15:05:22","slug":"bordet-dirigira-su-mensaje-anual-a-la-asamblea-legislativa-este-sabado","status":"publish","type":"post","link":"https:\/\/www.actualidadadiario.com\/index.php\/2020\/02\/14\/bordet-dirigira-su-mensaje-anual-a-la-asamblea-legislativa-este-sabado\/","title":{"rendered":"Bordet dirigir\u00e1 su mensaje anual a la Asamblea Legislativa este s\u00e1bado"},"content":{"rendered":"<p style=\"text-align: center;\"><em><strong>El gobernador Gustavo Bordet inaugurar\u00e1 este s\u00e1bado con un informe sobre el estado general de la administraci\u00f3n p\u00fablica, ante la Asamblea Legislativa el 141\u00b0 periodo de sesiones ordinarias de la legislatura entrerriana. Ser\u00e1 en el Centro Provincial de Convenciones<\/strong><\/em><\/p>\n<p>&nbsp;<\/p>\n<p>&nbsp;<\/p>\n<p>El acto tendr\u00e1 lugar el s\u00e1bado 15 de febrero, tal como lo indica la Constituci\u00f3n Provincial.<\/p>\n<p>Como es habitual cada a\u00f1o, el mandatario provincial dirigir\u00e1 su mensaje a la totalidad de senadores y diputados provinciales que conforman la Asamblea Legislativa.<\/p>\n<p>En esta oportunidad, y haciendo uso de las amplias instalaciones del Centro Provincial de Convenciones, se invitar\u00e1 adem\u00e1s a legisladores nacionales, ex gobernadores y ex vicegobernadores, autoridades de las fuerzas de seguridad, del Superior Tribunal de Justicia, federaciones, universidades, colegios profesionales, gremios, emprendedores, representantes religiosos, empresariales, intendentes, referentes sociales, comunitarios y del deporte entrerriano.<\/p>\n<p>&nbsp;<\/p>\n<p><strong>Lo establece la Constituci\u00f3n de Entre R\u00edos<\/strong><\/p>\n<p>Cabe destacar que el mensaje del gobernador ante la Asamblea Legislativa se da en el marco del art\u00edculo 104\u00b0 de la Constituci\u00f3n de Entre R\u00edos que sostiene que \u201cambas C\u00e1maras se reunir\u00e1n en sesiones ordinarias cada a\u00f1o desde el 15 de febrero hasta el 15 de diciembre\u201d, por lo cual este s\u00e1bado los legisladores provinciales se reunir\u00e1n en Asamblea para abrir el 141\u00ba per\u00edodo de sesiones ordinarias.<\/p>\n<p>Adem\u00e1s, en el art\u00edculo siguiente la Constituci\u00f3n expresa que \u201cen el mismo acto, el Poder Ejecutivo presentar\u00e1 el mensaje dando cuenta del estado de la administraci\u00f3n\u201d, y en cumplimiento de ello el gobernador Gustavo Bordet dirigir\u00e1 un discurso a fin de dar cuenta de sus actos de gobierno frente al pueblo entrerriano representado en la Asamblea.<\/p>\n","protected":false},"excerpt":{"rendered":"<p>El gobernador Gustavo Bordet inaugurar\u00e1 este s\u00e1bado con un informe sobre el estado general de la administraci\u00f3n p\u00fablica, ante la Asamblea Legislativa el 141\u00b0 periodo de sesiones ordinarias de la legislatura entrerriana. Ser\u00e1 en el Centro Provincial de Convenciones &nbsp; &nbsp; El acto tendr\u00e1 lugar el s\u00e1bado 15 de febrero, tal como lo indica la Constituci\u00f3n Provincial. Como es habitual cada a\u00f1o, el mandatario provincial dirigir\u00e1 su mensaje a la totalidad de senadores y diputados provinciales que conforman la Asamblea Legislativa. En esta oportunidad, y haciendo uso de las amplias&#8230;<\/p>\n","protected":false},"author":3,"featured_media":57744,"comment_status":"closed","ping_status":"closed","sticky":false,"template":"","format":"standard","meta":[],"categories":[9],"tags":[],"_links":{"self":[{"href":"https:\/\/www.actualidadadiario.com\/index.php\/wp-json\/wp\/v2\/posts\/57743"}],"collection":[{"href":"https:\/\/www.actualidadadiario.com\/index.php\/wp-json\/wp\/v2\/posts"}],"about":[{"href":"https:\/\/www.actualidadadiario.com\/index.php\/wp-json\/wp\/v2\/types\/post"}],"author":[{"embeddable":true,"href":"https:\/\/www.actualidadadiario.com\/index.php\/wp-json\/wp\/v2\/users\/3"}],"replies":[{"embeddable":true,"href":"https:\/\/www.actualidadadiario.com\/index.php\/wp-json\/wp\/v2\/comments?post=57743"}],"version-history":[{"count":1,"href":"https:\/\/www.actualidadadiario.com\/index.php\/wp-json\/wp\/v2\/posts\/57743\/revisions"}],"predecessor-version":[{"id":57745,"href":"https:\/\/www.actualidadadiario.com\/index.php\/wp-json\/wp\/v2\/posts\/57743\/revisions\/57745"}],"wp:featuredmedia":[{"embeddable":true,"href":"https:\/\/www.actualidadadiario.com\/index.php\/wp-json\/wp\/v2\/media\/57744"}],"wp:attachment":[{"href":"https:\/\/www.actualidadadiario.com\/index.php\/wp-json\/wp\/v2\/media?parent=57743"}],"wp:term":[{"taxonomy":"category","embeddable":true,"href":"https:\/\/www.actualidadadiario.com\/index.php\/wp-json\/wp\/v2\/categories?post=57743"},{"taxonomy":"post_tag","embeddable":true,"href":"https:\/\/www.actualidadadiario.com\/index.php\/wp-json\/wp\/v2\/tags?post=57743"}],"curies":[{"name":"wp","href":"https:\/\/api.w.org\/{rel}","templated":true}]}}