{"id":57740,"date":"2020-02-14T12:04:34","date_gmt":"2020-02-14T15:04:34","guid":{"rendered":"https:\/\/www.actualidadadiario.com\/?p=57740"},"modified":"2020-02-14T12:04:34","modified_gmt":"2020-02-14T15:04:34","slug":"habra-una-nueva-linea-de-credito-para-las-pymes-entrerrianas","status":"publish","type":"post","link":"https:\/\/www.actualidadadiario.com\/index.php\/2020\/02\/14\/habra-una-nueva-linea-de-credito-para-las-pymes-entrerrianas\/","title":{"rendered":"Habr\u00e1 una nueva l\u00ednea de cr\u00e9dito para las pymes entrerrianas"},"content":{"rendered":"<p style=\"text-align: center;\"><em><strong>Las pymes entrerrianas pueden acceder a una l\u00ednea de financiamiento del Banco Naci\u00f3n y a un plan de regularizaci\u00f3n que entrar\u00e1 en vigencia el 17 de febrero pr\u00f3ximo, seg\u00fan acord\u00f3 al gobernador Gustavo Bordet con el secretario de la Peque\u00f1a y Mediana Empresa de la Naci\u00f3n, Guillermo Merediz<\/strong><\/em><\/p>\n<p>&nbsp;<\/p>\n<p>&nbsp;<\/p>\n<p>&#8220;En los \u00faltimos cuatro a\u00f1os las pymes fueron las que m\u00e1s sufrieron un modelo econ\u00f3mico nacional orientado a la especulaci\u00f3n financiera y en donde no estuvo como eje central la producci\u00f3n. Ahora les vamos a sacar el pie del pecho a las Pymes para que respiren y puedan trabajar&#8221;, resalt\u00f3 el funcionario nacional tras el encuentro del que tambi\u00e9n participaron los ministros entrerrianos de Econom\u00eda, Hugo Ballay y de Producci\u00f3n, Turismo y Desarrollo Econ\u00f3mico, Juan Jos\u00e9 Bahillo.<\/p>\n<p>Merediz manifest\u00f3 que se tiene por delante &#8220;un enorme desaf\u00edo&#8221; y, en ese sentido, indic\u00f3 que el gobernador y el ministro Bahillo le transmitieron \u201clos lineamientos y las enormes oportunidades que tiene la provincia y la fuerza de la gesti\u00f3n para acompa\u00f1ar al sector productivo en un contexto en el que en los \u00faltimos cuatro a\u00f1os las pymes fueron las que m\u00e1s sufrieron un modelo econ\u00f3mico orientado a la especulaci\u00f3n financiera y en donde no estuvo como eje central la producci\u00f3n&#8221;.<\/p>\n<p>En ese sentido, coment\u00f3 que se dialog\u00f3 en torno a &#8220;c\u00f3mo trabajar en esta agenda de recuperar el sistema productivo local y c\u00f3mo trabajar con las pymes de la provincia&#8221;.<\/p>\n<p>En ese marco, dio detalles de la puesta en marcha de una l\u00ednea de financiamiento del Banco de la Naci\u00f3n Argentina a una tasa del 27.9 por ciento. &#8220;Es una tasa muy importante para recuperar el financiamiento de las pymes\u201d, dijo y agreg\u00f3 que tambi\u00e9n se pondr\u00e1 en vigencia \u201cuna moratoria muy amplia, habida cuenta del enorme problema que tiene las pymes para afrontar en un escenario complejo&#8221;.<\/p>\n<p>&#8220;Hay que sacarle el pie del pecho a las pymes, darles respiro para que puedan trabajar. Hay 30.000 empresas de Entre R\u00edos que est\u00e1n inscriptas en el registro pymes. Hay 5.000 que se inscribieron en el \u00faltimo mes y medio, y ello da cuenta de la necesidad que tienen las pymes de la provincia de incorporarse al registro pyme, y as\u00ed poder hacerlo a la moratoria, que es una estrategia para poder dar aire y financiamiento a las pymes&#8221;, concluy\u00f3.<\/p>\n<p>Merediz detall\u00f3 que la moratoria se iniciar\u00e1 formalmente el 17 de febrero y ser\u00e1 hasta el 30 de abril. Durante ese periodo las pymes deber\u00e1n estar incorporadas al registro pymes. &#8220;Venimos a la provincia tambi\u00e9n para plantear que las pymes se incorporen a este registro&#8221;, sostuvo el funcionario poco antes de advertir que &#8220;la incorporaci\u00f3n se hace de una forma muy simple on line a partir de la p\u00e1gina web de la AFIP\u201d.<\/p>\n<p>&#8220;Esto le permite a las deudas que ten\u00edan, ya sea en planes o no, rearmarlas en un esquema mucho m\u00e1s interesantes de plazos de cinco y 10 a\u00f1os, y empezar a tener un aire para empezar producir&#8221;, insisti\u00f3.<\/p>\n<p>En cuanto a la l\u00ednea del Banco Naci\u00f3n, inform\u00f3 que ya est\u00e1 activa. &#8220;Es una l\u00ednea de capital de trabajo a un a\u00f1o y que permite recuperar el financiamiento productivo. Las pymes en Argentina trabajaban con l\u00edneas del 80 y 90 por ciento. No hay ninguna empresa, y mucho menos las pymes, que puedan operar con estos niveles de tasas. A la puesta en marcha de esta primera l\u00ednea de financiamiento lo estuvimos trabajando con el gobernador Bordet y el ministro Bahillo, adem\u00e1s de nuevas necesidades de financiamiento&#8221;, indic\u00f3.<\/p>\n<p>Por \u00faltimo, detall\u00f3 que el financiamiento es para peque\u00f1as empresas hasta tramo I, y para cualquier sector econ\u00f3mico. No hay ninguna imposibilidad para que cualquier pyme y sector pueda acceder. &#8220;Vinimos a Entre R\u00edos porque tiene un potencial enorme y viene desarrollando una gesti\u00f3n con el gobernador muy interesante. Desde Naci\u00f3n nos interesa trabajar articuladamente, por eso hicimos este primer encuentro para unificar criterios, trabajar juntos y tener una agenda compartida en toda la etapa que arranc\u00f3 el 10 de diciembre pasado&#8221;.<\/p>\n<p>Tras el encuentro, que se realiz\u00f3 este jueves en Casa de Gobierno, el ministro Bahillo, se\u00f1al\u00f3 que el funcionario nacional \u201cvino a interesarse de la realidad productiva y los desaf\u00edos que tiene la provincia en el sector industrial&#8221;.<\/p>\n<p>Coment\u00f3 que durante el encuentro, &#8220;el mandatario marc\u00f3 la prioridades de una agenda que tiene que ver con el desarrollo industrial en nuestra provincia, con las fortalezas y desaf\u00edos que tenemos para trabajar en conjunto, complementando los esfuerzos a nivel provincial y nacional&#8221;.<\/p>\n","protected":false},"excerpt":{"rendered":"<p>Las pymes entrerrianas pueden acceder a una l\u00ednea de financiamiento del Banco Naci\u00f3n y a un plan de regularizaci\u00f3n que entrar\u00e1 en vigencia el 17 de febrero pr\u00f3ximo, seg\u00fan acord\u00f3 al gobernador Gustavo Bordet con el secretario de la Peque\u00f1a y Mediana Empresa de la Naci\u00f3n, Guillermo Merediz &nbsp; &nbsp; &#8220;En los \u00faltimos cuatro a\u00f1os las pymes fueron las que m\u00e1s sufrieron un modelo econ\u00f3mico nacional orientado a la especulaci\u00f3n financiera y en donde no estuvo como eje central la producci\u00f3n. Ahora les vamos a sacar el pie del pecho&#8230;<\/p>\n","protected":false},"author":3,"featured_media":57741,"comment_status":"closed","ping_status":"closed","sticky":false,"template":"","format":"standard","meta":[],"categories":[9],"tags":[],"_links":{"self":[{"href":"https:\/\/www.actualidadadiario.com\/index.php\/wp-json\/wp\/v2\/posts\/57740"}],"collection":[{"href":"https:\/\/www.actualidadadiario.com\/index.php\/wp-json\/wp\/v2\/posts"}],"about":[{"href":"https:\/\/www.actualidadadiario.com\/index.php\/wp-json\/wp\/v2\/types\/post"}],"author":[{"embeddable":true,"href":"https:\/\/www.actualidadadiario.com\/index.php\/wp-json\/wp\/v2\/users\/3"}],"replies":[{"embeddable":true,"href":"https:\/\/www.actualidadadiario.com\/index.php\/wp-json\/wp\/v2\/comments?post=57740"}],"version-history":[{"count":1,"href":"https:\/\/www.actualidadadiario.com\/index.php\/wp-json\/wp\/v2\/posts\/57740\/revisions"}],"predecessor-version":[{"id":57742,"href":"https:\/\/www.actualidadadiario.com\/index.php\/wp-json\/wp\/v2\/posts\/57740\/revisions\/57742"}],"wp:featuredmedia":[{"embeddable":true,"href":"https:\/\/www.actualidadadiario.com\/index.php\/wp-json\/wp\/v2\/media\/57741"}],"wp:attachment":[{"href":"https:\/\/www.actualidadadiario.com\/index.php\/wp-json\/wp\/v2\/media?parent=57740"}],"wp:term":[{"taxonomy":"category","embeddable":true,"href":"https:\/\/www.actualidadadiario.com\/index.php\/wp-json\/wp\/v2\/categories?post=57740"},{"taxonomy":"post_tag","embeddable":true,"href":"https:\/\/www.actualidadadiario.com\/index.php\/wp-json\/wp\/v2\/tags?post=57740"}],"curies":[{"name":"wp","href":"https:\/\/api.w.org\/{rel}","templated":true}]}}