{"id":57724,"date":"2020-02-12T12:13:26","date_gmt":"2020-02-12T15:13:26","guid":{"rendered":"https:\/\/www.actualidadadiario.com\/?p=57724"},"modified":"2020-02-12T12:13:26","modified_gmt":"2020-02-12T15:13:26","slug":"coronavirus-covid-19-el-nombre-que-la-oms-le-dio-a-la-enfermedad","status":"publish","type":"post","link":"https:\/\/www.actualidadadiario.com\/index.php\/2020\/02\/12\/coronavirus-covid-19-el-nombre-que-la-oms-le-dio-a-la-enfermedad\/","title":{"rendered":"Coronavirus: &#8220;Covid-19&#8221;, el nombre que la OMS le dio a la enfermedad"},"content":{"rendered":"<p style=\"text-align: center;\"><em><strong>La Organizaci\u00f3n Mundial de la Salud anunci\u00f3 que el nombre de la enfermedad del coronavirus surgido en la ciudad china de Wuhan ser\u00e1 &#8220;Covid-19&#8221;. El nombre deriva de un acr\u00f3nimo en ingl\u00e9s y ser\u00e1 utilizado para eventuales brotes de coronavirus futuros<\/strong><\/em><\/p>\n<p>&nbsp;<\/p>\n<p>La Organizaci\u00f3n Mundial de la Salud (OMS) anunci\u00f3 este martes que la enfermedad provocada por el nuevo coronavirus de Wuhan recibir\u00e1 oficialmente el nombre de &#8220;Covid-19&#8221;. As\u00ed se decidi\u00f3 en el primer d\u00eda de reuni\u00f3n de 300 expertos sobre esta epidemia en Ginebra.<\/p>\n<p>La OMS decidi\u00f3 usar un nombre que &#8220;pueda pronunciarse y no aluda a una localizaci\u00f3n geogr\u00e1fica espec\u00edfica, un animal o un grupo de personas&#8221; para evitar estigmatizaciones, destac\u00f3 en una rueda de prensa el director general de la OMS, Tedros Adhanom Ghebreyesus.<\/p>\n<p>El nombre nace de un acr\u00f3nimo en ingl\u00e9s a partir de la expresi\u00f3n &#8220;corona virus disease&#8221; (enfermedad de coronavirus) y ser\u00e1 un est\u00e1ndar para eventuales brotes de coronavirus en el futuro, se\u00f1al\u00f3 Tedros.<\/p>\n<p>Con un nombre oficial &#8220;se evitar\u00e1 usar otros que pueden ser inexactos o estigmaticen&#8221;, a\u00f1adi\u00f3 el m\u00e1ximo responsable de la OMS.<\/p>\n<p>La denominaci\u00f3n Covid-19 es significativamente diferente a anteriores coronavirus que tambi\u00e9n causaron alarmas sanitarias internacionales en a\u00f1os pasados, como el SARS (s\u00edndrome respiratorio agudo y grave) o el MERS (s\u00edndrome respiratorio de Oriente Medio), este \u00faltimo con alusi\u00f3n al origen geogr\u00e1fico de la enfermedad.<\/p>\n<p>&nbsp;<\/p>\n<p><strong>La OMS en Ginebra<\/strong><\/p>\n<p>En la sede de la OMS en Ginebra comenz\u00f3 este martes un encuentro de 300 expertos en virolog\u00eda, epidemiolog\u00eda y otras ramas cient\u00edficas de todo el mundo para estudiar v\u00edas de investigaci\u00f3n del hasta ahora conocido como coronavirus de Wuhan y posibles tratamientos y vacunas.<\/p>\n<p>La reuni\u00f3n, a puerta cerrada y en la que algunos expertos (entre ellos muchos m\u00e9dicos chinos) participan a distancia mediante teleconferencia, busca avanzar en el conocimiento del origen de la nueva enfermedad, sus v\u00edas de transmisi\u00f3n, su gravedad y las medidas a tomarse contra ella, inform\u00f3 la OMS.<\/p>\n<p>&#8220;Las medidas tomadas por Wuhan y el resto de China est\u00e1n frenando la expansi\u00f3n del virus y debemos aprovechar esto para golpear duro y luchar unidos contra \u00e9ste, o de lo contrario habr\u00e1 m\u00e1s precios y mayores costes&#8221;, concluy\u00f3 Tedros.<\/p>\n","protected":false},"excerpt":{"rendered":"<p>La Organizaci\u00f3n Mundial de la Salud anunci\u00f3 que el nombre de la enfermedad del coronavirus surgido en la ciudad china de Wuhan ser\u00e1 &#8220;Covid-19&#8221;. El nombre deriva de un acr\u00f3nimo en ingl\u00e9s y ser\u00e1 utilizado para eventuales brotes de coronavirus futuros &nbsp; La Organizaci\u00f3n Mundial de la Salud (OMS) anunci\u00f3 este martes que la enfermedad provocada por el nuevo coronavirus de Wuhan recibir\u00e1 oficialmente el nombre de &#8220;Covid-19&#8221;. As\u00ed se decidi\u00f3 en el primer d\u00eda de reuni\u00f3n de 300 expertos sobre esta epidemia en Ginebra. La OMS decidi\u00f3 usar un&#8230;<\/p>\n","protected":false},"author":3,"featured_media":57725,"comment_status":"closed","ping_status":"closed","sticky":false,"template":"","format":"standard","meta":[],"categories":[4],"tags":[],"_links":{"self":[{"href":"https:\/\/www.actualidadadiario.com\/index.php\/wp-json\/wp\/v2\/posts\/57724"}],"collection":[{"href":"https:\/\/www.actualidadadiario.com\/index.php\/wp-json\/wp\/v2\/posts"}],"about":[{"href":"https:\/\/www.actualidadadiario.com\/index.php\/wp-json\/wp\/v2\/types\/post"}],"author":[{"embeddable":true,"href":"https:\/\/www.actualidadadiario.com\/index.php\/wp-json\/wp\/v2\/users\/3"}],"replies":[{"embeddable":true,"href":"https:\/\/www.actualidadadiario.com\/index.php\/wp-json\/wp\/v2\/comments?post=57724"}],"version-history":[{"count":1,"href":"https:\/\/www.actualidadadiario.com\/index.php\/wp-json\/wp\/v2\/posts\/57724\/revisions"}],"predecessor-version":[{"id":57726,"href":"https:\/\/www.actualidadadiario.com\/index.php\/wp-json\/wp\/v2\/posts\/57724\/revisions\/57726"}],"wp:featuredmedia":[{"embeddable":true,"href":"https:\/\/www.actualidadadiario.com\/index.php\/wp-json\/wp\/v2\/media\/57725"}],"wp:attachment":[{"href":"https:\/\/www.actualidadadiario.com\/index.php\/wp-json\/wp\/v2\/media?parent=57724"}],"wp:term":[{"taxonomy":"category","embeddable":true,"href":"https:\/\/www.actualidadadiario.com\/index.php\/wp-json\/wp\/v2\/categories?post=57724"},{"taxonomy":"post_tag","embeddable":true,"href":"https:\/\/www.actualidadadiario.com\/index.php\/wp-json\/wp\/v2\/tags?post=57724"}],"curies":[{"name":"wp","href":"https:\/\/api.w.org\/{rel}","templated":true}]}}