{"id":57722,"date":"2020-02-12T12:11:54","date_gmt":"2020-02-12T15:11:54","guid":{"rendered":"https:\/\/www.actualidadadiario.com\/?p=57722"},"modified":"2020-02-12T12:11:55","modified_gmt":"2020-02-12T15:11:55","slug":"el-papa-francisco-recibira-a-luiz-inacio-lula-da-silva","status":"publish","type":"post","link":"https:\/\/www.actualidadadiario.com\/index.php\/2020\/02\/12\/el-papa-francisco-recibira-a-luiz-inacio-lula-da-silva\/","title":{"rendered":"El Papa Francisco recibir\u00e1 a Luiz In\u00e1cio Lula da Silva"},"content":{"rendered":"<p style=\"text-align: center;\"><em><strong>Se trata de la primera salida internacional que realizar\u00e1 el expresidente brasile\u00f1o desde que sali\u00f3 de prisi\u00f3n<\/strong><\/em><\/p>\n<p>&nbsp;<\/p>\n<p>&nbsp;<\/p>\n<p>El expresidente Luiz In\u00e1cio Lula da Silva parti\u00f3 hacia Roma, capital de Italia, para mantener un encuentro con el Papa Francisco. Seg\u00fan el sitio web oficial del Partido de los Trabajadores (PT), discutir\u00e1n sobre la lucha contra el hambre, la desigualdad y la intolerancia. Se trata de la primera salida internacional que realizar\u00e1 el expresidente brasile\u00f1o desde que sali\u00f3 de prisi\u00f3n en noviembre de 2019.<\/p>\n<p>\u201cVoy a visitar al Papa Francisco para agradecerle no solo por la solidaridad que tuvo conmigo en un momento dif\u00edcil, sino sobre todo por su dedicaci\u00f3n a los oprimidos\u201c, indic\u00f3 Lula da Silva en su cuenta de Twitter el pasado mi\u00e9rcoles. \u201cQuiero hablar sobre la experiencia brasile\u00f1a en la lucha contra la pobreza\u201c, apunt\u00f3 el expresidente del vecino pa\u00eds en su posteo.<\/p>\n<p>El a\u00f1o pasado, en mayo, Francisco le hab\u00eda mandado una carta al exmandatario por las p\u00e9rdidas familiares que hab\u00eda sufrido el pol\u00edtico brasile\u00f1o. En esa epistolar, el argentino le pidi\u00f3 que no se desanime y que siga confiando en Dios. \u201cEl bien vencer\u00e1 al mal, la verdad vencer\u00e1 la mentira y la Salvaci\u00f3n vencer\u00e1 la condenaci\u00f3n\u201d, subray\u00f3 el Papa Francisco en su carta.<\/p>\n<p>No fueron las \u00fanicas conversaciones que mantuvieron Luiz In\u00e1cio Lula da Silva y el Papa Francisco. En el a\u00f1o 2018, cuando el exmandatario brasile\u00f1o cumpl\u00eda sus primeros meses en la c\u00e1rcel de Curitiba, el Pont\u00edfice le hab\u00eda enviado un rosario bendecido a trav\u00e9s de Juan Grabois, amigo personal de Francisco y fundador del Movimiento de Trabajadores Exclu\u00eddos de Argentina (CTEP).<\/p>\n<p>Siempre de acuerdo al sitio web del espacio pol\u00edtico brasile\u00f1o, el encuentro entre da Silva y el Sumo Pont\u00edfice fue negociado por el propio Jefe de Estado argentino, Alberto Fern\u00e1ndez. Este se reuni\u00f3 con el Papa Francisco la semana pasada en el marco de una gira que lo llev\u00f3 por los pa\u00edses m\u00e1s importantes de Europa. En ese encuentro, el pol\u00edtico argentino y el Papa dialogaron sobre la pobreza, sobre todo.<\/p>\n","protected":false},"excerpt":{"rendered":"<p>Se trata de la primera salida internacional que realizar\u00e1 el expresidente brasile\u00f1o desde que sali\u00f3 de prisi\u00f3n &nbsp; &nbsp; El expresidente Luiz In\u00e1cio Lula da Silva parti\u00f3 hacia Roma, capital de Italia, para mantener un encuentro con el Papa Francisco. Seg\u00fan el sitio web oficial del Partido de los Trabajadores (PT), discutir\u00e1n sobre la lucha contra el hambre, la desigualdad y la intolerancia. Se trata de la primera salida internacional que realizar\u00e1 el expresidente brasile\u00f1o desde que sali\u00f3 de prisi\u00f3n en noviembre de 2019. \u201cVoy a visitar al Papa Francisco&#8230;<\/p>\n","protected":false},"author":3,"featured_media":49815,"comment_status":"closed","ping_status":"closed","sticky":false,"template":"","format":"standard","meta":[],"categories":[4],"tags":[],"_links":{"self":[{"href":"https:\/\/www.actualidadadiario.com\/index.php\/wp-json\/wp\/v2\/posts\/57722"}],"collection":[{"href":"https:\/\/www.actualidadadiario.com\/index.php\/wp-json\/wp\/v2\/posts"}],"about":[{"href":"https:\/\/www.actualidadadiario.com\/index.php\/wp-json\/wp\/v2\/types\/post"}],"author":[{"embeddable":true,"href":"https:\/\/www.actualidadadiario.com\/index.php\/wp-json\/wp\/v2\/users\/3"}],"replies":[{"embeddable":true,"href":"https:\/\/www.actualidadadiario.com\/index.php\/wp-json\/wp\/v2\/comments?post=57722"}],"version-history":[{"count":1,"href":"https:\/\/www.actualidadadiario.com\/index.php\/wp-json\/wp\/v2\/posts\/57722\/revisions"}],"predecessor-version":[{"id":57723,"href":"https:\/\/www.actualidadadiario.com\/index.php\/wp-json\/wp\/v2\/posts\/57722\/revisions\/57723"}],"wp:featuredmedia":[{"embeddable":true,"href":"https:\/\/www.actualidadadiario.com\/index.php\/wp-json\/wp\/v2\/media\/49815"}],"wp:attachment":[{"href":"https:\/\/www.actualidadadiario.com\/index.php\/wp-json\/wp\/v2\/media?parent=57722"}],"wp:term":[{"taxonomy":"category","embeddable":true,"href":"https:\/\/www.actualidadadiario.com\/index.php\/wp-json\/wp\/v2\/categories?post=57722"},{"taxonomy":"post_tag","embeddable":true,"href":"https:\/\/www.actualidadadiario.com\/index.php\/wp-json\/wp\/v2\/tags?post=57722"}],"curies":[{"name":"wp","href":"https:\/\/api.w.org\/{rel}","templated":true}]}}