{"id":57719,"date":"2020-02-12T12:10:37","date_gmt":"2020-02-12T15:10:37","guid":{"rendered":"https:\/\/www.actualidadadiario.com\/?p=57719"},"modified":"2020-02-12T12:10:37","modified_gmt":"2020-02-12T15:10:37","slug":"leandro-santoro-sera-asesor-de-alberto-fernandez","status":"publish","type":"post","link":"https:\/\/www.actualidadadiario.com\/index.php\/2020\/02\/12\/leandro-santoro-sera-asesor-de-alberto-fernandez\/","title":{"rendered":"Leandro Santoro ser\u00e1 asesor de Alberto Fern\u00e1ndez"},"content":{"rendered":"<p style=\"text-align: center;\"><em><strong>El dirigente alfonsinista trabajar\u00e1 &#8220;ad honorem&#8221; y seguir\u00e1 en la Legislatura porte\u00f1a<\/strong><\/em><\/p>\n<p>&nbsp;<\/p>\n<p>Diputado porte\u00f1o por Unidad Ciudadana desde 2017, Santoro es uno de los exponentes del sector del radicalismo que integra el Frente de Todos y su designaci\u00f3n llega despu\u00e9s de que otro radical, Ricardo Alfons\u00edn, fuera designado como embajador en Espa\u00f1a.<\/p>\n<p>Santoro fue durante buena parte de la campa\u00f1a electoral una de las espadas medi\u00e1ticas m\u00e1s filosas del Frente de Todos y adem\u00e1s fue\u00a0 estuvo entre los organizadores de un acto del Radicalismo Alfonsinista en apoyo del entonces candidato presidencial.<\/p>\n","protected":false},"excerpt":{"rendered":"<p>El dirigente alfonsinista trabajar\u00e1 &#8220;ad honorem&#8221; y seguir\u00e1 en la Legislatura porte\u00f1a &nbsp; Diputado porte\u00f1o por Unidad Ciudadana desde 2017, Santoro es uno de los exponentes del sector del radicalismo que integra el Frente de Todos y su designaci\u00f3n llega despu\u00e9s de que otro radical, Ricardo Alfons\u00edn, fuera designado como embajador en Espa\u00f1a. Santoro fue durante buena parte de la campa\u00f1a electoral una de las espadas medi\u00e1ticas m\u00e1s filosas del Frente de Todos y adem\u00e1s fue\u00a0 estuvo entre los organizadores de un acto del Radicalismo Alfonsinista en apoyo del entonces&#8230;<\/p>\n","protected":false},"author":3,"featured_media":57720,"comment_status":"closed","ping_status":"closed","sticky":false,"template":"","format":"standard","meta":[],"categories":[18],"tags":[],"_links":{"self":[{"href":"https:\/\/www.actualidadadiario.com\/index.php\/wp-json\/wp\/v2\/posts\/57719"}],"collection":[{"href":"https:\/\/www.actualidadadiario.com\/index.php\/wp-json\/wp\/v2\/posts"}],"about":[{"href":"https:\/\/www.actualidadadiario.com\/index.php\/wp-json\/wp\/v2\/types\/post"}],"author":[{"embeddable":true,"href":"https:\/\/www.actualidadadiario.com\/index.php\/wp-json\/wp\/v2\/users\/3"}],"replies":[{"embeddable":true,"href":"https:\/\/www.actualidadadiario.com\/index.php\/wp-json\/wp\/v2\/comments?post=57719"}],"version-history":[{"count":1,"href":"https:\/\/www.actualidadadiario.com\/index.php\/wp-json\/wp\/v2\/posts\/57719\/revisions"}],"predecessor-version":[{"id":57721,"href":"https:\/\/www.actualidadadiario.com\/index.php\/wp-json\/wp\/v2\/posts\/57719\/revisions\/57721"}],"wp:featuredmedia":[{"embeddable":true,"href":"https:\/\/www.actualidadadiario.com\/index.php\/wp-json\/wp\/v2\/media\/57720"}],"wp:attachment":[{"href":"https:\/\/www.actualidadadiario.com\/index.php\/wp-json\/wp\/v2\/media?parent=57719"}],"wp:term":[{"taxonomy":"category","embeddable":true,"href":"https:\/\/www.actualidadadiario.com\/index.php\/wp-json\/wp\/v2\/categories?post=57719"},{"taxonomy":"post_tag","embeddable":true,"href":"https:\/\/www.actualidadadiario.com\/index.php\/wp-json\/wp\/v2\/tags?post=57719"}],"curies":[{"name":"wp","href":"https:\/\/api.w.org\/{rel}","templated":true}]}}