{"id":57690,"date":"2020-02-12T12:00:15","date_gmt":"2020-02-12T15:00:15","guid":{"rendered":"https:\/\/www.actualidadadiario.com\/?p=57690"},"modified":"2020-02-12T12:00:15","modified_gmt":"2020-02-12T15:00:15","slug":"aclaran-que-se-pedira-certificado-de-alumno-regular-para-cobrar-ayuda-escolar","status":"publish","type":"post","link":"https:\/\/www.actualidadadiario.com\/index.php\/2020\/02\/12\/aclaran-que-se-pedira-certificado-de-alumno-regular-para-cobrar-ayuda-escolar\/","title":{"rendered":"Aclaran que se pedir\u00e1 certificado de alumno regular para cobrar ayuda escolar"},"content":{"rendered":"<p style=\"text-align: center;\"><em><strong>La documentaci\u00f3n deber\u00e1 ser presentada, pero se permiti\u00f3 es una pr\u00f3rroga hasta diciembre. El beneficio se cobrar\u00e1 en forma masiva en marzo<\/strong><\/em><\/p>\n<p>&nbsp;<\/p>\n<p>&nbsp;<\/p>\n<p>&nbsp;<\/p>\n<p>El Gobierno sali\u00f3 a aclarar versiones que se dieron respecto a una resoluci\u00f3n de la Anses publicada \u00a0en el Bolet\u00edn Oficial, en la que se deroga un art\u00edculo referente a la exigencia del certificado de alumno regular para el cobro de la ayuda escolar<\/p>\n<p>En este marco, la gesti\u00f3n del presidente Alberto Fern\u00e1ndez desminti\u00f3 que haya eliminado el requisito de presentaci\u00f3n del certificado de alumno regular para percibir este beneficio, y aclar\u00f3 que lo que se decidi\u00f3 fue prorrogar su presentaci\u00f3n hasta diciembre de este a\u00f1o teniendo en cuenta el contexto de &#8220;emergencia social&#8221;.<\/p>\n<p>La norma anterior establec\u00eda que, en caso de presentar con demora el certificado de alumno regular, la ayuda escolar no se cobrar\u00eda en marzo junto con el resto de los beneficiarios, sino en el momento en que se entreguen los papeles pedidos. Es decir, si no se presentaba el certificado hasta el 31 de diciembre del ciclo lectivo anterior, el pago se realizar\u00eda despu\u00e9s.<\/p>\n<p>Ahora, al derogar el art\u00edculo que establec\u00eda ese plazo, se permite una pr\u00f3rroga para presentar el certificado de alumno regular hasta diciembre del 2020 en caso de no haberlo hecho hasta el 31 de diciembre de 2019 y el cobro se dar\u00e1 en forma masiva en marzo para todos los beneficiarios por igual, siempre y cuando cumplan con los requisitos.<\/p>\n<p>\u201cEsta medida permitir\u00e1 que muchas chicas y chicos reciban la ayuda que necesitan para comenzar las clases. El derecho a la educaci\u00f3n y a la seguridad social es una de nuestras prioridades\u201d, sostuvo el titular de la Anses, Alejandro Vanoli.<\/p>\n<p>De acuerdo a lo difundido por el Gobierno en un comunicado, &#8220;la simplificaci\u00f3n del tr\u00e1mite beneficiar\u00e1 a las m\u00e1s de seis millones de familias que, seg\u00fan Anses, perciben el aporte estatal y apunta a recuperar a menores que hab\u00edan abandonado el sistema escolar&#8221;.<\/p>\n<p>El ahora derogado art\u00edculo 5 del Apartado \u201cAsignaciones De Pago Mensual\u201d que figura en el anexo de la Resoluci\u00f3n N\u00b0 2019-203-ANSES dec\u00eda lo siguiente: &#8220;Cuando la acreditaci\u00f3n de la escolaridad no se efectuara en el plazo conferido en el art\u00edculo 2\u00b0 del Decreto N\u00b0 433\/2015 (es decir, hasta el 31 de diciembre inclusive), la Asignaci\u00f3n por Ayuda Escolar del ciclo lectivo siguiente no se pagar\u00e1 en forma masiva, sino cuando se acredite la escolaridad&#8221;.<\/p>\n<p>En concreto, la medida anterior, es decir, el decreto 433\/2015 de Asignaci\u00f3n por ayuda escolar anual, especificaba que &#8220;la asignaci\u00f3n por ayuda escolar anual se liquidar\u00e1 al inicio del Ciclo Lectivo para los ni\u00f1os, ni\u00f1as y adolescentes de CUATRO (4) a DIECISIETE (17) a\u00f1os inclusive, debiendo presentarse el certificado pertinente que acredite la condici\u00f3n de alumno\/a regular del establecimiento educativo, hasta el 31 de diciembre de cada a\u00f1o&#8221;.<\/p>\n<p>El Gobierno remarc\u00f3 que &#8220;de este modo, queda sin efecto un agregado impuesto por el gobierno anterior que exig\u00eda la presentaci\u00f3n de la constancia al 31 de diciembre de 2019. Las familias que cumplen los requisitos podr\u00e1n cobrar el beneficio y presentar el certificado escolar del ciclo lectivo anterior hasta fin de a\u00f1o&#8221;.<\/p>\n<p>As\u00ed lo establece la Resoluci\u00f3n N\u00b0 28\/2020, publicada el lunes en el Bolet\u00edn Oficial, que entre sus fundamentos eval\u00faa que por \u201cel contexto econ\u00f3mico y social de emergencia y ante el inminente inicio del ciclo lectivo, corresponde derogar\u201d el requisito agregado en agosto de 2019.<\/p>\n<p>La asignaci\u00f3n por ayuda escolar anual consiste en el pago de una suma de dinero que se hace efectiva en marzo de cada a\u00f1o, y se abona por cada hijo que concurra regularmente a establecimientos de ense\u00f1anza b\u00e1sica y polimodal o bien, cualquiera sea su edad, si concurre a establecimientos oficiales o privados donde se imparta educaci\u00f3n diferencial, inform\u00f3 la Administraci\u00f3n nacional.<\/p>\n","protected":false},"excerpt":{"rendered":"<p>La documentaci\u00f3n deber\u00e1 ser presentada, pero se permiti\u00f3 es una pr\u00f3rroga hasta diciembre. El beneficio se cobrar\u00e1 en forma masiva en marzo &nbsp; &nbsp; &nbsp; El Gobierno sali\u00f3 a aclarar versiones que se dieron respecto a una resoluci\u00f3n de la Anses publicada \u00a0en el Bolet\u00edn Oficial, en la que se deroga un art\u00edculo referente a la exigencia del certificado de alumno regular para el cobro de la ayuda escolar En este marco, la gesti\u00f3n del presidente Alberto Fern\u00e1ndez desminti\u00f3 que haya eliminado el requisito de presentaci\u00f3n del certificado de alumno&#8230;<\/p>\n","protected":false},"author":3,"featured_media":57691,"comment_status":"closed","ping_status":"closed","sticky":false,"template":"","format":"standard","meta":[],"categories":[2],"tags":[],"_links":{"self":[{"href":"https:\/\/www.actualidadadiario.com\/index.php\/wp-json\/wp\/v2\/posts\/57690"}],"collection":[{"href":"https:\/\/www.actualidadadiario.com\/index.php\/wp-json\/wp\/v2\/posts"}],"about":[{"href":"https:\/\/www.actualidadadiario.com\/index.php\/wp-json\/wp\/v2\/types\/post"}],"author":[{"embeddable":true,"href":"https:\/\/www.actualidadadiario.com\/index.php\/wp-json\/wp\/v2\/users\/3"}],"replies":[{"embeddable":true,"href":"https:\/\/www.actualidadadiario.com\/index.php\/wp-json\/wp\/v2\/comments?post=57690"}],"version-history":[{"count":1,"href":"https:\/\/www.actualidadadiario.com\/index.php\/wp-json\/wp\/v2\/posts\/57690\/revisions"}],"predecessor-version":[{"id":57692,"href":"https:\/\/www.actualidadadiario.com\/index.php\/wp-json\/wp\/v2\/posts\/57690\/revisions\/57692"}],"wp:featuredmedia":[{"embeddable":true,"href":"https:\/\/www.actualidadadiario.com\/index.php\/wp-json\/wp\/v2\/media\/57691"}],"wp:attachment":[{"href":"https:\/\/www.actualidadadiario.com\/index.php\/wp-json\/wp\/v2\/media?parent=57690"}],"wp:term":[{"taxonomy":"category","embeddable":true,"href":"https:\/\/www.actualidadadiario.com\/index.php\/wp-json\/wp\/v2\/categories?post=57690"},{"taxonomy":"post_tag","embeddable":true,"href":"https:\/\/www.actualidadadiario.com\/index.php\/wp-json\/wp\/v2\/tags?post=57690"}],"curies":[{"name":"wp","href":"https:\/\/api.w.org\/{rel}","templated":true}]}}