{"id":57687,"date":"2020-02-12T11:59:18","date_gmt":"2020-02-12T14:59:18","guid":{"rendered":"https:\/\/www.actualidadadiario.com\/?p=57687"},"modified":"2020-02-12T11:59:18","modified_gmt":"2020-02-12T14:59:18","slug":"la-corte-resolvio-que-mujeres-presas-pueden-percibir-asignaciones-familiares","status":"publish","type":"post","link":"https:\/\/www.actualidadadiario.com\/index.php\/2020\/02\/12\/la-corte-resolvio-que-mujeres-presas-pueden-percibir-asignaciones-familiares\/","title":{"rendered":"La Corte resolvi\u00f3 que mujeres presas pueden percibir asignaciones familiares"},"content":{"rendered":"<p style=\"text-align: center;\"><em><strong>Las mujeres privadas de su libertad tienen derecho a percibir asignaciones familiares por hijo y por embarazo por parte de la Anses. As\u00ed lo resolvi\u00f3 la Corte Suprema tras hacer lugar a un reclamo de internas del Centro de Detenci\u00f3n de Mujeres Unidad 31<\/strong><\/em><\/p>\n<p>&nbsp;<\/p>\n<p>&nbsp;<\/p>\n<p>Las mujeres privadas de su libertad tienen derecho a percibir asignaciones familiares por hijo y por embarazo por parte de la Anses, resolvi\u00f3 la Corte Suprema tras hacer lugar a un reclamo de internas del Centro de Detenci\u00f3n de Mujeres Unidad 31.<\/p>\n<p>Seg\u00fan inform\u00f3 el sitio Centro de Informaci\u00f3n Judicial (CIJ), con el voto un\u00e1nime de todos sus integrantes, la Corte Suprema confirm\u00f3 la sentencia de la C\u00e1mara Federal de Casaci\u00f3n Penal que conden\u00f3 a la Anses a pagar asignaciones familiares a las internas embarazadas o que optaron por permanecer en prisi\u00f3n con sus hijos menores de 4 a\u00f1os.<\/p>\n<p>El reclamo lo promovi\u00f3 la Procuraci\u00f3n Penitenciaria de la Naci\u00f3n y la Defensor\u00eda Oficial mediante un h\u00e1beas corpus, que fue rechazado por la justicia federal de La Plata.<\/p>\n<p>Casaci\u00f3n admiti\u00f3 luego con el fundamento de que &#8220;la negativa a reconocer los beneficios pretendidos configuraba un supuesto de agravamiento ileg\u00edtimo de las condiciones de detenci\u00f3n y que la ley de asignaciones familiares no excluye a las mujeres privadas de la libertad ni a sus hijos&#8221;.<\/p>\n<p>Este fallo fue recurrido por la Anses pero ahora la Corte Suprema en su sentencia apoy\u00f3 la postura de C\u00e1mara para &#8220;resguardar el trato digno en las prisiones y para solucionar situaciones injustas que all\u00ed se planteen&#8221;.<\/p>\n<p>&#8220;El ingreso a una prisi\u00f3n no despoja a las personas de la protecci\u00f3n de las leyes y, en primer lugar, de la Constituci\u00f3n Nacional&#8221;, recordaron los magistrados.<\/p>\n<p>En ese sentido, se\u00f1alaron que &#8220;el derecho al otorgamiento por parte del Estado de los beneficios de la seguridad social, con car\u00e1cter integral e irrenunciable, est\u00e1 consagrado en el art. 14 bis de la Constituci\u00f3n Nacional&#8221;.<\/p>\n<p>La Corte Suprema asegur\u00f3 que &#8220;los derechos de las ni\u00f1as y ni\u00f1os alojados con sus madres (en instituciones carcelarias) requieren su protecci\u00f3n integral para garantizarles el ejercicio y disfrute pleno de tales derechos&#8221;.<\/p>\n<p>El m\u00e1ximo Tribunal evalu\u00f3 que la Anses no hab\u00eda invocado ninguna norma que excluyera a las reclamantes de los beneficios solicitados.<\/p>\n<p>La presentaci\u00f3n judicial la realizaron un grupo &#8220;de mujeres detenidas sin condena o que lo han sido por penas iguales o inferiores a los tres a\u00f1os. Las que est\u00e1n con sus hijos ejercen la patria potestad, de modo que negarles el beneficio de la AUH, instituido en favor de los ni\u00f1os, importa una violaci\u00f3n al principio de no trascendencia de la pena&#8221;, aclararon.<\/p>\n<p>&#8220;La condici\u00f3n de mujer privada de libertad no puede ser valorada para la denegaci\u00f3n o p\u00e9rdida de planes sociales, subsidios, servicios o cualquier otro beneficio acordado o al que tenga derecho a acceder&#8221;, concluyeron.<\/p>\n","protected":false},"excerpt":{"rendered":"<p>Las mujeres privadas de su libertad tienen derecho a percibir asignaciones familiares por hijo y por embarazo por parte de la Anses. As\u00ed lo resolvi\u00f3 la Corte Suprema tras hacer lugar a un reclamo de internas del Centro de Detenci\u00f3n de Mujeres Unidad 31 &nbsp; &nbsp; Las mujeres privadas de su libertad tienen derecho a percibir asignaciones familiares por hijo y por embarazo por parte de la Anses, resolvi\u00f3 la Corte Suprema tras hacer lugar a un reclamo de internas del Centro de Detenci\u00f3n de Mujeres Unidad 31. Seg\u00fan inform\u00f3&#8230;<\/p>\n","protected":false},"author":3,"featured_media":57688,"comment_status":"closed","ping_status":"closed","sticky":false,"template":"","format":"standard","meta":[],"categories":[2],"tags":[],"_links":{"self":[{"href":"https:\/\/www.actualidadadiario.com\/index.php\/wp-json\/wp\/v2\/posts\/57687"}],"collection":[{"href":"https:\/\/www.actualidadadiario.com\/index.php\/wp-json\/wp\/v2\/posts"}],"about":[{"href":"https:\/\/www.actualidadadiario.com\/index.php\/wp-json\/wp\/v2\/types\/post"}],"author":[{"embeddable":true,"href":"https:\/\/www.actualidadadiario.com\/index.php\/wp-json\/wp\/v2\/users\/3"}],"replies":[{"embeddable":true,"href":"https:\/\/www.actualidadadiario.com\/index.php\/wp-json\/wp\/v2\/comments?post=57687"}],"version-history":[{"count":1,"href":"https:\/\/www.actualidadadiario.com\/index.php\/wp-json\/wp\/v2\/posts\/57687\/revisions"}],"predecessor-version":[{"id":57689,"href":"https:\/\/www.actualidadadiario.com\/index.php\/wp-json\/wp\/v2\/posts\/57687\/revisions\/57689"}],"wp:featuredmedia":[{"embeddable":true,"href":"https:\/\/www.actualidadadiario.com\/index.php\/wp-json\/wp\/v2\/media\/57688"}],"wp:attachment":[{"href":"https:\/\/www.actualidadadiario.com\/index.php\/wp-json\/wp\/v2\/media?parent=57687"}],"wp:term":[{"taxonomy":"category","embeddable":true,"href":"https:\/\/www.actualidadadiario.com\/index.php\/wp-json\/wp\/v2\/categories?post=57687"},{"taxonomy":"post_tag","embeddable":true,"href":"https:\/\/www.actualidadadiario.com\/index.php\/wp-json\/wp\/v2\/tags?post=57687"}],"curies":[{"name":"wp","href":"https:\/\/api.w.org\/{rel}","templated":true}]}}