{"id":57683,"date":"2020-02-12T11:38:40","date_gmt":"2020-02-12T14:38:40","guid":{"rendered":"https:\/\/www.actualidadadiario.com\/?p=57683"},"modified":"2020-02-12T11:38:40","modified_gmt":"2020-02-12T14:38:40","slug":"finaliza-el-acuerdo-por-medicamentos-y-habra-subas-por-debajo-de-la-inflacion","status":"publish","type":"post","link":"https:\/\/www.actualidadadiario.com\/index.php\/2020\/02\/12\/finaliza-el-acuerdo-por-medicamentos-y-habra-subas-por-debajo-de-la-inflacion\/","title":{"rendered":"Finaliza el acuerdo por medicamentos y habr\u00e1 subas por debajo de la inflaci\u00f3n"},"content":{"rendered":"<p style=\"text-align: center;\"><em><strong>El pr\u00f3ximo s\u00e1bado, el acuerdo entre el Gobierno y los laboratorios que establece la rebaja de 8% en los medicamentos no ser\u00e1 prorrogado, y se espera una suba &#8220;moderada&#8221; por debajo de la inflaci\u00f3n en el sector, de acuerdo con los contactos existentes entre las partes<\/strong><\/em><\/p>\n<p>&nbsp;<\/p>\n<p>As\u00ed lo confirmaron fuentes oficiales y del sector farmac\u00e9utico, desde donde coincidieron en que el acuerdo voluntario que naci\u00f3 en diciembre no continuar\u00e1 m\u00e1s all\u00e1 de la fecha tope del 15 de febrero. En el Gobierno se\u00f1alaron que hubo un pedido expreso a los laboratorios nacionales y extranjeros para que de existir aumentos de precios en los medicamentos, sean por debajo del IPC mensual.<\/p>\n<p>En tanto, entre las empresas expresaron a este diario que &#8220;si se resuelve suspender la rebaja, habr\u00e1 subas moderadas que no superar\u00e1n el \u00edndice de inflaci\u00f3n&#8221;, fen\u00f3meno que s\u00ed ocurri\u00f3 entre 2016 y 2019. El Gobierno a trav\u00e9s del ministro de Salud, Gin\u00e9s Gonz\u00e1lez Garc\u00eda, hab\u00eda logrado el objetivo de extender 15 d\u00edas m\u00e1s el consenso logrado en diciembre y ahora sali\u00f3 a poner un tope a los incrementos para calmar las expectativas inflacionarias.<\/p>\n<p>Fuentes oficiales y privadas dejaron en claro que no habr\u00e1 una reuni\u00f3n ni anuncio respecto de la decisi\u00f3n convenida entre los actores. Cerca del ministro de Salud esperan que el comportamiento de las firmas est\u00e9 acorde con lo prometido y la inflaci\u00f3n de medicamentos no &#8220;corra&#8221; por encima del IPC general, y afecte al p\u00fablico masivo y en especial a los jubilados.<\/p>\n<p>Los laboratorios, tanto nacionales como extranjeros, hab\u00edan retrotra\u00eddo los valores de los remedios al 6 de diciembre pasado y los mantendr\u00e1n congelados al menos hasta el s\u00e1bado, una medida que hab\u00eda anticipada por este medio. Gonz\u00e1lez Garc\u00eda sell\u00f3 el acuerdo a mediados de diciembre con la C\u00e1mara Empresaria de Laboratorios Farmac\u00e9uticos (Cooperala); la C\u00e1mara Industrial de Laboratorios Farmac\u00e9uticos Argentinos (CILFA); y la C\u00e1mara Argentina de Especialidades Medicinales (CAEME). La confirmaci\u00f3n surgi\u00f3 luego de la reuni\u00f3n con el presidente Alberto Fern\u00e1ndez.<\/p>\n<p>Cabe destacar que la disminuci\u00f3n del 8% alcanza a los productos de venta al p\u00fablico por fuera de los convenios espec\u00edficos (como por ejemplo PAMI o IOMA), que ya perciben importantes descuentos respecto del precio de lista publicado en Kairos. Ayer se conoci\u00f3, por ejemplo, desde el Colegio de Farmac\u00e9uticos de Misiones que la propuesta del Gobierno nacional mantuvo la demanda de f\u00e1rmacos y que los m\u00e1s beneficiados por la rebaja fueron quienes compraron en efectivo.<\/p>\n<p>Dependiendo del remedio, se alcanz\u00f3 un ahorro de hasta $200 con la baja del precio, tras el acuerdo en conjunto con laboratorios. La industria farmac\u00e9utica argentina tiene una participaci\u00f3n del 4,9% en el Producto Bruto Interno Industrial, da ocupaci\u00f3n directa a 43.000 personas y en forma indirecta a otras 120.000, con 210 laboratorios y 190 plantas manufactureras de las cuales 160 son nacionales y 30 extranjeras, de acuerdo con datos proporcionados por CILFA.<\/p>\n","protected":false},"excerpt":{"rendered":"<p>El pr\u00f3ximo s\u00e1bado, el acuerdo entre el Gobierno y los laboratorios que establece la rebaja de 8% en los medicamentos no ser\u00e1 prorrogado, y se espera una suba &#8220;moderada&#8221; por debajo de la inflaci\u00f3n en el sector, de acuerdo con los contactos existentes entre las partes &nbsp; As\u00ed lo confirmaron fuentes oficiales y del sector farmac\u00e9utico, desde donde coincidieron en que el acuerdo voluntario que naci\u00f3 en diciembre no continuar\u00e1 m\u00e1s all\u00e1 de la fecha tope del 15 de febrero. En el Gobierno se\u00f1alaron que hubo un pedido expreso a&#8230;<\/p>\n","protected":false},"author":3,"featured_media":49695,"comment_status":"closed","ping_status":"closed","sticky":false,"template":"","format":"standard","meta":[],"categories":[2],"tags":[],"_links":{"self":[{"href":"https:\/\/www.actualidadadiario.com\/index.php\/wp-json\/wp\/v2\/posts\/57683"}],"collection":[{"href":"https:\/\/www.actualidadadiario.com\/index.php\/wp-json\/wp\/v2\/posts"}],"about":[{"href":"https:\/\/www.actualidadadiario.com\/index.php\/wp-json\/wp\/v2\/types\/post"}],"author":[{"embeddable":true,"href":"https:\/\/www.actualidadadiario.com\/index.php\/wp-json\/wp\/v2\/users\/3"}],"replies":[{"embeddable":true,"href":"https:\/\/www.actualidadadiario.com\/index.php\/wp-json\/wp\/v2\/comments?post=57683"}],"version-history":[{"count":1,"href":"https:\/\/www.actualidadadiario.com\/index.php\/wp-json\/wp\/v2\/posts\/57683\/revisions"}],"predecessor-version":[{"id":57684,"href":"https:\/\/www.actualidadadiario.com\/index.php\/wp-json\/wp\/v2\/posts\/57683\/revisions\/57684"}],"wp:featuredmedia":[{"embeddable":true,"href":"https:\/\/www.actualidadadiario.com\/index.php\/wp-json\/wp\/v2\/media\/49695"}],"wp:attachment":[{"href":"https:\/\/www.actualidadadiario.com\/index.php\/wp-json\/wp\/v2\/media?parent=57683"}],"wp:term":[{"taxonomy":"category","embeddable":true,"href":"https:\/\/www.actualidadadiario.com\/index.php\/wp-json\/wp\/v2\/categories?post=57683"},{"taxonomy":"post_tag","embeddable":true,"href":"https:\/\/www.actualidadadiario.com\/index.php\/wp-json\/wp\/v2\/tags?post=57683"}],"curies":[{"name":"wp","href":"https:\/\/api.w.org\/{rel}","templated":true}]}}