{"id":57654,"date":"2020-02-11T11:48:20","date_gmt":"2020-02-11T14:48:20","guid":{"rendered":"https:\/\/www.actualidadadiario.com\/?p=57654"},"modified":"2020-02-11T11:48:20","modified_gmt":"2020-02-11T14:48:20","slug":"el-gobierno-espanol-propondra-penalizar-la-apologia-del-franquismo","status":"publish","type":"post","link":"https:\/\/www.actualidadadiario.com\/index.php\/2020\/02\/11\/el-gobierno-espanol-propondra-penalizar-la-apologia-del-franquismo\/","title":{"rendered":"El gobierno espa\u00f1ol propondr\u00e1 penalizar la apolog\u00eda del franquismo"},"content":{"rendered":"<p style=\"text-align: center;\"><em><strong>El gobierno de coalici\u00f3n progresista de Espa\u00f1a incluir\u00e1 el delito de &#8220;apolog\u00eda del franquismo&#8221; en su proyecto de reforma del C\u00f3digo Penal, en l\u00ednea con las legislaciones de otros pa\u00edses europeos, como Alemania, Italia o Francia, en los que la exaltaci\u00f3n del nazismo o el fascismo obtienen una respuesta penal<\/strong><\/em><\/p>\n<p>&nbsp;<\/p>\n<p>&#8220;En democracia no se homenajea ni a dictadores ni a tiranos&#8221;, asegur\u00f3 la diputada y vocera parlamentaria del Partido Socialista (PSOE), Adriana Lastra, durante un desayuno informativo en Madrid, en el marco del cual confirm\u00f3 la medida, contemplada en el programa electoral del presidente del gobierno, Pedro S\u00e1nchez.<\/p>\n<p>&#8220;Exhumaremos a las v\u00edctimas que a\u00fan yacen en las fosas comunes, retiraremos la simbolog\u00eda franquista que a\u00fan queda en lugares p\u00fablicos, y reformaremos el C\u00f3digo Penal para que la apolog\u00eda y la exaltaci\u00f3n del franquismo sean al fin un delito&#8221;, remarc\u00f3 la dirigente socialista, quien estuvo acompa\u00f1ada por otros miembros de su partido.<\/p>\n<p>Durante su primer mandato, S\u00e1nchez pretend\u00eda reformar la ley de Memoria Hist\u00f3rica aprobada por el ex presidente Jos\u00e9 Luis Rodr\u00edguez Zapatero para incluir sanciones a quienes defiendan p\u00fablicamente el r\u00e9gimen dictatorial, as\u00ed como ilegalizar las organizaciones y asociaciones que realicen apolog\u00eda de la figura del dictador Francisco Franco.<\/p>\n<p>Sin embargo, la disoluci\u00f3n del Parlamento y la convocatoria de nuevas elecciones evit\u00f3 que la medida se concretara.<\/p>\n<p>S\u00e1nchez s\u00ed logr\u00f3 exhumar e inhumar los restos del dictador Francisco Franco del Valle de los Ca\u00eddos, una medida simb\u00f3lica que tuvo calado pol\u00edticos especialmente en el electorado de izquierda.<\/p>\n","protected":false},"excerpt":{"rendered":"<p>El gobierno de coalici\u00f3n progresista de Espa\u00f1a incluir\u00e1 el delito de &#8220;apolog\u00eda del franquismo&#8221; en su proyecto de reforma del C\u00f3digo Penal, en l\u00ednea con las legislaciones de otros pa\u00edses europeos, como Alemania, Italia o Francia, en los que la exaltaci\u00f3n del nazismo o el fascismo obtienen una respuesta penal &nbsp; &#8220;En democracia no se homenajea ni a dictadores ni a tiranos&#8221;, asegur\u00f3 la diputada y vocera parlamentaria del Partido Socialista (PSOE), Adriana Lastra, durante un desayuno informativo en Madrid, en el marco del cual confirm\u00f3 la medida, contemplada en&#8230;<\/p>\n","protected":false},"author":3,"featured_media":57655,"comment_status":"closed","ping_status":"closed","sticky":false,"template":"","format":"standard","meta":[],"categories":[4],"tags":[],"_links":{"self":[{"href":"https:\/\/www.actualidadadiario.com\/index.php\/wp-json\/wp\/v2\/posts\/57654"}],"collection":[{"href":"https:\/\/www.actualidadadiario.com\/index.php\/wp-json\/wp\/v2\/posts"}],"about":[{"href":"https:\/\/www.actualidadadiario.com\/index.php\/wp-json\/wp\/v2\/types\/post"}],"author":[{"embeddable":true,"href":"https:\/\/www.actualidadadiario.com\/index.php\/wp-json\/wp\/v2\/users\/3"}],"replies":[{"embeddable":true,"href":"https:\/\/www.actualidadadiario.com\/index.php\/wp-json\/wp\/v2\/comments?post=57654"}],"version-history":[{"count":1,"href":"https:\/\/www.actualidadadiario.com\/index.php\/wp-json\/wp\/v2\/posts\/57654\/revisions"}],"predecessor-version":[{"id":57656,"href":"https:\/\/www.actualidadadiario.com\/index.php\/wp-json\/wp\/v2\/posts\/57654\/revisions\/57656"}],"wp:featuredmedia":[{"embeddable":true,"href":"https:\/\/www.actualidadadiario.com\/index.php\/wp-json\/wp\/v2\/media\/57655"}],"wp:attachment":[{"href":"https:\/\/www.actualidadadiario.com\/index.php\/wp-json\/wp\/v2\/media?parent=57654"}],"wp:term":[{"taxonomy":"category","embeddable":true,"href":"https:\/\/www.actualidadadiario.com\/index.php\/wp-json\/wp\/v2\/categories?post=57654"},{"taxonomy":"post_tag","embeddable":true,"href":"https:\/\/www.actualidadadiario.com\/index.php\/wp-json\/wp\/v2\/tags?post=57654"}],"curies":[{"name":"wp","href":"https:\/\/api.w.org\/{rel}","templated":true}]}}