{"id":57651,"date":"2020-02-11T11:47:38","date_gmt":"2020-02-11T14:47:38","guid":{"rendered":"https:\/\/www.actualidadadiario.com\/?p=57651"},"modified":"2020-02-11T11:47:38","modified_gmt":"2020-02-11T14:47:38","slug":"bagdad-amanecio-con-figuras-de-trump-ahorcado-en-sus-calles","status":"publish","type":"post","link":"https:\/\/www.actualidadadiario.com\/index.php\/2020\/02\/11\/bagdad-amanecio-con-figuras-de-trump-ahorcado-en-sus-calles\/","title":{"rendered":"Bagdad amaneci\u00f3 con figuras de Trump ahorcado en sus calles"},"content":{"rendered":"<p style=\"text-align: center;\"><em><strong>Fueron colocadas en varios puntos de la capital iraqu\u00ed coincidentemente con el fin del duelo de Soleimani. Tambi\u00e9n se colgaron figuras de soldados estadounidenses<\/strong><\/em><\/p>\n<p>&nbsp;<\/p>\n<p>Una facci\u00f3n armada chiita de Irak colg\u00f3 en horcas figuras de cart\u00f3n del presidente estadounidense, Donald Trump, en Bagdad, en la v\u00edspera del 40\u00ba d\u00eda de duelo por la muerte de Abu Mehdi al Muhandis, jefe de los paramilitares proiran\u00edes que muri\u00f3 en un ataque de Estados Unidosjunto al general iran\u00ed Qasem Soleimani, generando una escalada en Medio Oriente.<\/p>\n<p>En el basti\u00f3n chiita de Sadr City o en la calle Palestina, una de las principales arterias de la capital, se pod\u00edan ver colgadas estas figuras de cart\u00f3n de Trump o de soldados estadounidenses. Mientras que en la plaza Al Uathba (centro), por el contrario, se ve\u00edan inmensos retratos de Al Muhandis y de Soleimani, muertos el 3 de enero en Bagdad.<\/p>\n<p>&#8220;Colgamos estas im\u00e1genes por las ceremonias que marcan el final del duelo&#8221;, indic\u00f3 a la AFP un responsable de las brigadas del Hizbul\u00e1, la facci\u00f3n m\u00e1s radical del Hashd al Shaabi.<\/p>\n<p>Esta poderosa coalici\u00f3n de paramilitares proiran\u00ed, de la que Al Muhandis era oficialmente el n\u00famero dos pero el verdadero l\u00edder de facto, anunci\u00f3 conmemoraciones oficiales y populares para el martes en Bagdad, en especial en la altamente protegida Zona Verde, donde se ubica la embajada estadounidense.<\/p>\n<p>A finales de diciembre, miles de proiran\u00edes irrumpieron en esta canciller\u00eda y la asediaron durante m\u00e1s de 24 horas, forzando el muro del recinto.<\/p>\n<p>La embajada de Estados Unidos emiti\u00f3 un aviso a sus ciudadanos con motivo de las conmemoraciones.<\/p>\n<p>El bloque parlamentario del Hashd, el segundo de la Asamblea, contin\u00faa pidiendo la expulsi\u00f3n de las tropas extranjeras estacionadas en Irak dentro de la coalici\u00f3n internacional antiyihadista.<\/p>\n<p>El asesinato de Soleimani y de Muhandis en el ataque de Estados Unidos -que seg\u00fan fuentes estadounidenses se dirig\u00eda solo a Soleimani, sin saber que Muhandis estaba igualmente en el convoy- provoc\u00f3 un incremento de las tensiones entre los dos grandes aliados de Bagdad, que hizo temer un conflicto abierto en territorio iraqu\u00ed.<\/p>\n","protected":false},"excerpt":{"rendered":"<p>Fueron colocadas en varios puntos de la capital iraqu\u00ed coincidentemente con el fin del duelo de Soleimani. Tambi\u00e9n se colgaron figuras de soldados estadounidenses &nbsp; Una facci\u00f3n armada chiita de Irak colg\u00f3 en horcas figuras de cart\u00f3n del presidente estadounidense, Donald Trump, en Bagdad, en la v\u00edspera del 40\u00ba d\u00eda de duelo por la muerte de Abu Mehdi al Muhandis, jefe de los paramilitares proiran\u00edes que muri\u00f3 en un ataque de Estados Unidosjunto al general iran\u00ed Qasem Soleimani, generando una escalada en Medio Oriente. En el basti\u00f3n chiita de Sadr&#8230;<\/p>\n","protected":false},"author":3,"featured_media":57652,"comment_status":"closed","ping_status":"closed","sticky":false,"template":"","format":"standard","meta":[],"categories":[4],"tags":[],"_links":{"self":[{"href":"https:\/\/www.actualidadadiario.com\/index.php\/wp-json\/wp\/v2\/posts\/57651"}],"collection":[{"href":"https:\/\/www.actualidadadiario.com\/index.php\/wp-json\/wp\/v2\/posts"}],"about":[{"href":"https:\/\/www.actualidadadiario.com\/index.php\/wp-json\/wp\/v2\/types\/post"}],"author":[{"embeddable":true,"href":"https:\/\/www.actualidadadiario.com\/index.php\/wp-json\/wp\/v2\/users\/3"}],"replies":[{"embeddable":true,"href":"https:\/\/www.actualidadadiario.com\/index.php\/wp-json\/wp\/v2\/comments?post=57651"}],"version-history":[{"count":1,"href":"https:\/\/www.actualidadadiario.com\/index.php\/wp-json\/wp\/v2\/posts\/57651\/revisions"}],"predecessor-version":[{"id":57653,"href":"https:\/\/www.actualidadadiario.com\/index.php\/wp-json\/wp\/v2\/posts\/57651\/revisions\/57653"}],"wp:featuredmedia":[{"embeddable":true,"href":"https:\/\/www.actualidadadiario.com\/index.php\/wp-json\/wp\/v2\/media\/57652"}],"wp:attachment":[{"href":"https:\/\/www.actualidadadiario.com\/index.php\/wp-json\/wp\/v2\/media?parent=57651"}],"wp:term":[{"taxonomy":"category","embeddable":true,"href":"https:\/\/www.actualidadadiario.com\/index.php\/wp-json\/wp\/v2\/categories?post=57651"},{"taxonomy":"post_tag","embeddable":true,"href":"https:\/\/www.actualidadadiario.com\/index.php\/wp-json\/wp\/v2\/tags?post=57651"}],"curies":[{"name":"wp","href":"https:\/\/api.w.org\/{rel}","templated":true}]}}