{"id":57645,"date":"2020-02-11T11:46:15","date_gmt":"2020-02-11T14:46:15","guid":{"rendered":"https:\/\/www.actualidadadiario.com\/?p=57645"},"modified":"2020-02-11T11:46:15","modified_gmt":"2020-02-11T14:46:15","slug":"durante-enero-de-2020-ocurrieron-38-alertas-en-contra-de-la-libertad-de-expresion-en-latinoamerica","status":"publish","type":"post","link":"https:\/\/www.actualidadadiario.com\/index.php\/2020\/02\/11\/durante-enero-de-2020-ocurrieron-38-alertas-en-contra-de-la-libertad-de-expresion-en-latinoamerica\/","title":{"rendered":"Durante enero de 2020, ocurrieron 38 alertas en contra de la libertad de expresi\u00f3n en Latinoam\u00e9rica"},"content":{"rendered":"<p style=\"text-align: center;\"><em><strong>La libertad de expresi\u00f3n es un tema que tiene fuerte arraigo en la historia de nuestro pa\u00eds tras algunos hechos desafortunados que atentaron contra esto y que marcaron a fuego una disputa que contin\u00faa hasta el d\u00eda de hoy, independientemente el Gobierno que est\u00e9 al cargo de la Rep\u00fablica Argentina y de los grupos medi\u00e1ticos que involucre<\/strong><\/em><\/p>\n<p>&nbsp;<\/p>\n<p>Asimismo, en la regi\u00f3n la libertad de expresi\u00f3n tambi\u00e9n es un tema que mantiene en vilo al resto de los pa\u00edses latinoamericanos. Voces del Sur es justamente una organizaci\u00f3n que se encarga de llevar adelante las estad\u00edsticas en torno a los embates en contra de la libertad de expresi\u00f3n en toda Latinoam\u00e9rica. As\u00ed, la entidad emiti\u00f3 un nuevo informe respecto a esta situaci\u00f3n.<\/p>\n<p>Seg\u00fan la instituci\u00f3n, durante enero del 2020 se contabilizaron un total de 38 alertas en contra de la libertad de expresi\u00f3n en la regi\u00f3n. Asimismo, detall\u00f3 que 17 fueron agresiones y ataques, 6 por discurso estigmatizante, 4 en relaci\u00f3n a las restricciones en internet, mismo n\u00famero por el uso abusivo del poder estatal. Mientras que 3 fueron por procesos judiciales y acceso a la informaci\u00f3n y una por detenci\u00f3n arbitraria.<\/p>\n<p>Desde el Foro de Periodismo Argentino (FOPEA) lamentaron y repudiaron esta situaci\u00f3n utilizando sus redes sociales para expresarse al respecto. \u201c#LibertadDeExpresi\u00f3n 38 ataques contra la libertad de expresi\u00f3n en Am\u00e9rica Latina en enero de 2020. Como miembros activos de Voces del Sur, desde FOPEA compartimos el informe de @VDSorg sobre las agresiones contra la prensa\u201d, escribi\u00f3 la instituci\u00f3n.<\/p>\n<p>Cabe destacar que Voces del Sur surgi\u00f3 de la uni\u00f3n de nueve organizaciones civiles de Latinoam\u00e9rica con el objetivo de \u201ccrear sociedades justas, pac\u00edficas e inclusivas\u201d. Una de las principales funciones de la entidad es monitorear, contabilizar y difundir las agresiones en contra de la libertad de expresi\u00f3n. \u201cEsta meta se plantea la construcci\u00f3n de instituciones efectivas y responsables en todos los niveles\u201d, se\u00f1ala la entidad.<\/p>\n","protected":false},"excerpt":{"rendered":"<p>La libertad de expresi\u00f3n es un tema que tiene fuerte arraigo en la historia de nuestro pa\u00eds tras algunos hechos desafortunados que atentaron contra esto y que marcaron a fuego una disputa que contin\u00faa hasta el d\u00eda de hoy, independientemente el Gobierno que est\u00e9 al cargo de la Rep\u00fablica Argentina y de los grupos medi\u00e1ticos que involucre &nbsp; Asimismo, en la regi\u00f3n la libertad de expresi\u00f3n tambi\u00e9n es un tema que mantiene en vilo al resto de los pa\u00edses latinoamericanos. Voces del Sur es justamente una organizaci\u00f3n que se encarga&#8230;<\/p>\n","protected":false},"author":3,"featured_media":57646,"comment_status":"closed","ping_status":"closed","sticky":false,"template":"","format":"standard","meta":[],"categories":[4],"tags":[],"_links":{"self":[{"href":"https:\/\/www.actualidadadiario.com\/index.php\/wp-json\/wp\/v2\/posts\/57645"}],"collection":[{"href":"https:\/\/www.actualidadadiario.com\/index.php\/wp-json\/wp\/v2\/posts"}],"about":[{"href":"https:\/\/www.actualidadadiario.com\/index.php\/wp-json\/wp\/v2\/types\/post"}],"author":[{"embeddable":true,"href":"https:\/\/www.actualidadadiario.com\/index.php\/wp-json\/wp\/v2\/users\/3"}],"replies":[{"embeddable":true,"href":"https:\/\/www.actualidadadiario.com\/index.php\/wp-json\/wp\/v2\/comments?post=57645"}],"version-history":[{"count":1,"href":"https:\/\/www.actualidadadiario.com\/index.php\/wp-json\/wp\/v2\/posts\/57645\/revisions"}],"predecessor-version":[{"id":57647,"href":"https:\/\/www.actualidadadiario.com\/index.php\/wp-json\/wp\/v2\/posts\/57645\/revisions\/57647"}],"wp:featuredmedia":[{"embeddable":true,"href":"https:\/\/www.actualidadadiario.com\/index.php\/wp-json\/wp\/v2\/media\/57646"}],"wp:attachment":[{"href":"https:\/\/www.actualidadadiario.com\/index.php\/wp-json\/wp\/v2\/media?parent=57645"}],"wp:term":[{"taxonomy":"category","embeddable":true,"href":"https:\/\/www.actualidadadiario.com\/index.php\/wp-json\/wp\/v2\/categories?post=57645"},{"taxonomy":"post_tag","embeddable":true,"href":"https:\/\/www.actualidadadiario.com\/index.php\/wp-json\/wp\/v2\/tags?post=57645"}],"curies":[{"name":"wp","href":"https:\/\/api.w.org\/{rel}","templated":true}]}}