{"id":57640,"date":"2020-02-11T11:41:26","date_gmt":"2020-02-11T14:41:26","guid":{"rendered":"https:\/\/www.actualidadadiario.com\/?p=57640"},"modified":"2020-02-11T11:41:26","modified_gmt":"2020-02-11T14:41:26","slug":"analizan-el-esquema-de-trabajo-de-la-sesion-en-la-que-guzman-informara-sobre-la-deuda","status":"publish","type":"post","link":"https:\/\/www.actualidadadiario.com\/index.php\/2020\/02\/11\/analizan-el-esquema-de-trabajo-de-la-sesion-en-la-que-guzman-informara-sobre-la-deuda\/","title":{"rendered":"Analizan el esquema de trabajo de la sesi\u00f3n en la que Guzm\u00e1n informar\u00e1 sobre la deuda"},"content":{"rendered":"<p style=\"text-align: center;\"><em><strong>Los representantes de las siete bancadas que integran la C\u00e1mara baja se reunieron durante casi dos horas en el despacho del presidente del cuerpo, Sergio Massa<\/strong><\/em><\/p>\n<p>&nbsp;<\/p>\n<p>Los presidentes de los interbloques de la C\u00e1mara de Diputados de la Naci\u00f3n comenzaron a definir hoy el esquema de trabajo de la sesi\u00f3n especial informativa prevista para el mi\u00e9rcoles, en la que el ministro de Econom\u00eda, Mart\u00edn Guzm\u00e1n, expondr\u00e1 sobre la nueva ley de Restauraci\u00f3n de la Sostenibilidad de la Deuda P\u00fablica Externa.<\/p>\n<p>Representantes de las siete bancadas que integran la C\u00e1mara baja se reunieron durante casi dos horas en el despacho del presidente del cuerpo, Sergio Massa, para definir la metodolog\u00eda de trabajo, y ante la falta de acuerdos resolvieron seguir trabajando en las pr\u00f3ximas horas.<\/p>\n<p>Los diputados del Frente de Todos y de Juntos por el Cambio discreparon en los tiempos asignados a cada espacio, a partir del reclamo de los opositores de contar con m\u00e1s minutos que los propuestos por el oficialismo.<\/p>\n<p>El Frente de Todos propon\u00eda una exposici\u00f3n inicial de Guzm\u00e1n de entre una hora y 90 minutos; luego las preguntas de su bloque (por media hora), a continuaci\u00f3n las de la oposici\u00f3n (en un tiempo de 40 minutos) y finalmente un cierre a cargo del ministro, por otra media hora, evacuando las consultas de los legisladores.<\/p>\n<p>A los diputados de Juntos por el Cambio el tiempo de 40 minutos dividido entre las seis bancadas opositoras les pareci\u00f3 escaso y amenazaron con abandonar la reuni\u00f3n, seg\u00fan confiaron a T\u00e9lam fuentes parlamentarias.<\/p>\n<p>Massa logr\u00f3 contener finalmente el impulso de Mario Negri (UCR), Cristian Ritondo (PRO) y Maximiliano Ferraro (Coalici\u00f3n C\u00edvica), con la promesa de que las secretarias parlamentarias de ambos espacios, las diputadas Cristina Alv\u00e1rez Rodr\u00edguez (Frente de Todos) y Silvia Lospenatto (Juntos por el Cambio), se pondr\u00e1n a trabajar juntas en un &#8220;nuevo esquema de trabajo consensuado&#8221;.<\/p>\n<p>Las reuniones continuar\u00e1n durante este martes y el mi\u00e9rcoles por la ma\u00f1ana se volver\u00e1n a reunir los presidentes de bloque para formalizar la metodolog\u00eda.<\/p>\n<p>Hasta ahora se acord\u00f3 que los diferentes bloques e interbloques tendr\u00e1n tiempo hasta ma\u00f1ana a las 20 para presentar las preguntas que la Presidencia de la C\u00e1mara har\u00e1 llegar a Guzm\u00e1n antes de su visita.<\/p>\n<p>La bancada de Juntos por el Cambio, que hoy recibi\u00f3 al ex ministro de Hacienda Hern\u00e1n Lacunza, terminar\u00e1 de definir su estrategia en una reuni\u00f3n prevista para ma\u00f1ana a las 19.<\/p>\n<p>Guzm\u00e1n asistir\u00e1 al Congreso el mismo d\u00eda en que llegar\u00e1 a Buenos Aires la misi\u00f3n que enviar\u00e1 el Fondo Monetario Internacional para auditar las cuentas p\u00fablicas de la Argentina.<\/p>\n<p>Ante los legisladores, el ministro se referir\u00e1 a la sustentabilidad de la deuda, una semana despu\u00e9s de que el Senado aprob\u00f3 por unanimidad la ley de Restauraci\u00f3n de la Sostenibilidad.<\/p>\n<p>La intenci\u00f3n del gobierno nacional es presentar a fines de marzo su propuesta a los deudores y, en ese sentido, Guzm\u00e1n dar\u00e1 a conocer ante los diputados c\u00f3mo est\u00e1 compuesta la deuda y su historia.<\/p>\n","protected":false},"excerpt":{"rendered":"<p>Los representantes de las siete bancadas que integran la C\u00e1mara baja se reunieron durante casi dos horas en el despacho del presidente del cuerpo, Sergio Massa &nbsp; Los presidentes de los interbloques de la C\u00e1mara de Diputados de la Naci\u00f3n comenzaron a definir hoy el esquema de trabajo de la sesi\u00f3n especial informativa prevista para el mi\u00e9rcoles, en la que el ministro de Econom\u00eda, Mart\u00edn Guzm\u00e1n, expondr\u00e1 sobre la nueva ley de Restauraci\u00f3n de la Sostenibilidad de la Deuda P\u00fablica Externa. Representantes de las siete bancadas que integran la C\u00e1mara&#8230;<\/p>\n","protected":false},"author":3,"featured_media":56828,"comment_status":"closed","ping_status":"closed","sticky":false,"template":"","format":"standard","meta":[],"categories":[18],"tags":[],"_links":{"self":[{"href":"https:\/\/www.actualidadadiario.com\/index.php\/wp-json\/wp\/v2\/posts\/57640"}],"collection":[{"href":"https:\/\/www.actualidadadiario.com\/index.php\/wp-json\/wp\/v2\/posts"}],"about":[{"href":"https:\/\/www.actualidadadiario.com\/index.php\/wp-json\/wp\/v2\/types\/post"}],"author":[{"embeddable":true,"href":"https:\/\/www.actualidadadiario.com\/index.php\/wp-json\/wp\/v2\/users\/3"}],"replies":[{"embeddable":true,"href":"https:\/\/www.actualidadadiario.com\/index.php\/wp-json\/wp\/v2\/comments?post=57640"}],"version-history":[{"count":1,"href":"https:\/\/www.actualidadadiario.com\/index.php\/wp-json\/wp\/v2\/posts\/57640\/revisions"}],"predecessor-version":[{"id":57641,"href":"https:\/\/www.actualidadadiario.com\/index.php\/wp-json\/wp\/v2\/posts\/57640\/revisions\/57641"}],"wp:featuredmedia":[{"embeddable":true,"href":"https:\/\/www.actualidadadiario.com\/index.php\/wp-json\/wp\/v2\/media\/56828"}],"wp:attachment":[{"href":"https:\/\/www.actualidadadiario.com\/index.php\/wp-json\/wp\/v2\/media?parent=57640"}],"wp:term":[{"taxonomy":"category","embeddable":true,"href":"https:\/\/www.actualidadadiario.com\/index.php\/wp-json\/wp\/v2\/categories?post=57640"},{"taxonomy":"post_tag","embeddable":true,"href":"https:\/\/www.actualidadadiario.com\/index.php\/wp-json\/wp\/v2\/tags?post=57640"}],"curies":[{"name":"wp","href":"https:\/\/api.w.org\/{rel}","templated":true}]}}