{"id":57634,"date":"2020-02-11T11:39:33","date_gmt":"2020-02-11T14:39:33","guid":{"rendered":"https:\/\/www.actualidadadiario.com\/?p=57634"},"modified":"2020-02-11T11:39:33","modified_gmt":"2020-02-11T14:39:33","slug":"con-una-critica-a-bonadio-casacion-anulo-la-prision-preventiva-de-cfk-en-la-causa-cuadernos","status":"publish","type":"post","link":"https:\/\/www.actualidadadiario.com\/index.php\/2020\/02\/11\/con-una-critica-a-bonadio-casacion-anulo-la-prision-preventiva-de-cfk-en-la-causa-cuadernos\/","title":{"rendered":"Con una cr\u00edtica a Bonadio, Casaci\u00f3n anul\u00f3 la prisi\u00f3n preventiva de CFK en la causa Cuadernos"},"content":{"rendered":"<p style=\"text-align: center;\"><em><strong>El m\u00e1ximo tribunal penal determin\u00f3 que no existen riesgos procesales que fundamenten la decisi\u00f3n que hab\u00eda tomado el recientemente fallecido juez federal<\/strong><\/em><\/p>\n<p>&nbsp;<\/p>\n<p>&nbsp;<\/p>\n<p>En una decisi\u00f3n que llev\u00f3 varios meses, pero que finalmente se resolvi\u00f3 de manera simple y directa, la C\u00e1mara Federal de Casaci\u00f3n Penal decidi\u00f3 dejar sin efecto la prisi\u00f3n preventiva de Cristina Fern\u00e1ndez de Kirchner en la denominada Causa Cuadernos, que hasta el 30 de diciembre estaba a cargo del recientemente fallecido juez Claudio Bonadio. De esta manera, ya no pesa sobre la vicepresidenta de la naci\u00f3n ning\u00fan pedido de detenci\u00f3n.<\/p>\n<p>La resoluci\u00f3n, tomada por los jueces Daniel Petrone y Diego Barroetave\u00f1a, sostiene que no hay riesgos procesales que fundamenten la decisi\u00f3n que hab\u00eda tomado Bonadio cuando la proces\u00f3 por primera vez en esta causa. Al caerse esta primera preventiva, quedaron sin efecto las subsiguientes dictadas en cada procesamiento. Por su parte, la presidenta de la Sala 1, Ana Mar\u00eda Figueroa, fue m\u00e1s all\u00e1 y dijo que no estaba bien fundamentada esa prisi\u00f3n preventiva porque al momento de ser firmada Fern\u00e1ndez de Kirchner ten\u00eda fueron por ser senadora nacional.<\/p>\n<p>El 23 de diciembre \u00faltimo, el Tribunal Oral Federal 8 hab\u00eda desestimado una prisi\u00f3n preventiva en la Causa Memor\u00e1ndum con Ir\u00e1n porque no ten\u00eda fecha prevista para iniciar el juicio en el que la ex mandataria est\u00e1 acusada de encubrir a los supuestos autores del atentado a la AMIA. La misma decisi\u00f3n benefici\u00f3 al resto de los acusados.<\/p>\n<p>M\u00e1s all\u00e1 de la batalla que hay entre las salas de Casaci\u00f3n por ver qui\u00e9n se queda con la definici\u00f3n de la Causa Cuadernos, una cuesti\u00f3n m\u00e1s t\u00e9cnica que otra cosa, lo cierto es que a Cristina ahora s\u00f3lo le restar\u00e1 esperar al juicio tanto en esta causa, como en la del Memor\u00e1ndum, D\u00f3lar Futuro, Hotesur y Los Sauces. Este lunes se reanudaron las audiencias en el juicio de la Causa Vialidad, en el que Fern\u00e1ndez de Kirchner est\u00e1 acusada junto a ex funcionarios y empresarios como L\u00e1zaro B\u00e1ez.<\/p>\n","protected":false},"excerpt":{"rendered":"<p>El m\u00e1ximo tribunal penal determin\u00f3 que no existen riesgos procesales que fundamenten la decisi\u00f3n que hab\u00eda tomado el recientemente fallecido juez federal &nbsp; &nbsp; En una decisi\u00f3n que llev\u00f3 varios meses, pero que finalmente se resolvi\u00f3 de manera simple y directa, la C\u00e1mara Federal de Casaci\u00f3n Penal decidi\u00f3 dejar sin efecto la prisi\u00f3n preventiva de Cristina Fern\u00e1ndez de Kirchner en la denominada Causa Cuadernos, que hasta el 30 de diciembre estaba a cargo del recientemente fallecido juez Claudio Bonadio. De esta manera, ya no pesa sobre la vicepresidenta de la&#8230;<\/p>\n","protected":false},"author":3,"featured_media":57635,"comment_status":"closed","ping_status":"closed","sticky":false,"template":"","format":"standard","meta":[],"categories":[18],"tags":[],"_links":{"self":[{"href":"https:\/\/www.actualidadadiario.com\/index.php\/wp-json\/wp\/v2\/posts\/57634"}],"collection":[{"href":"https:\/\/www.actualidadadiario.com\/index.php\/wp-json\/wp\/v2\/posts"}],"about":[{"href":"https:\/\/www.actualidadadiario.com\/index.php\/wp-json\/wp\/v2\/types\/post"}],"author":[{"embeddable":true,"href":"https:\/\/www.actualidadadiario.com\/index.php\/wp-json\/wp\/v2\/users\/3"}],"replies":[{"embeddable":true,"href":"https:\/\/www.actualidadadiario.com\/index.php\/wp-json\/wp\/v2\/comments?post=57634"}],"version-history":[{"count":1,"href":"https:\/\/www.actualidadadiario.com\/index.php\/wp-json\/wp\/v2\/posts\/57634\/revisions"}],"predecessor-version":[{"id":57636,"href":"https:\/\/www.actualidadadiario.com\/index.php\/wp-json\/wp\/v2\/posts\/57634\/revisions\/57636"}],"wp:featuredmedia":[{"embeddable":true,"href":"https:\/\/www.actualidadadiario.com\/index.php\/wp-json\/wp\/v2\/media\/57635"}],"wp:attachment":[{"href":"https:\/\/www.actualidadadiario.com\/index.php\/wp-json\/wp\/v2\/media?parent=57634"}],"wp:term":[{"taxonomy":"category","embeddable":true,"href":"https:\/\/www.actualidadadiario.com\/index.php\/wp-json\/wp\/v2\/categories?post=57634"},{"taxonomy":"post_tag","embeddable":true,"href":"https:\/\/www.actualidadadiario.com\/index.php\/wp-json\/wp\/v2\/tags?post=57634"}],"curies":[{"name":"wp","href":"https:\/\/api.w.org\/{rel}","templated":true}]}}