{"id":57631,"date":"2020-02-11T11:38:48","date_gmt":"2020-02-11T14:38:48","guid":{"rendered":"https:\/\/www.actualidadadiario.com\/?p=57631"},"modified":"2020-02-11T11:38:48","modified_gmt":"2020-02-11T14:38:48","slug":"ricardo-alfonsin-se-reunio-con-alberto-fernandez","status":"publish","type":"post","link":"https:\/\/www.actualidadadiario.com\/index.php\/2020\/02\/11\/ricardo-alfonsin-se-reunio-con-alberto-fernandez\/","title":{"rendered":"Ricardo Alfons\u00edn se reuni\u00f3 con Alberto Fern\u00e1ndez"},"content":{"rendered":"<p style=\"text-align: center;\"><em><strong>El dirigente radical pidi\u00f3 un esfuerzo a la dirigencia pol\u00edtica para superar a grieta. La embajadora Mar\u00eda del Carmen Squeff ocupar\u00e1 la representaci\u00f3n en las Naciones Unidas<\/strong><\/em><\/p>\n<p>&nbsp;<\/p>\n<p>&nbsp;<\/p>\n<p>&#8220;Es un gesto que hay que valorar&#8221;, sostuvo el dirigente radical Ricardo Alfons\u00edn respecto a su nombramiento como embajador argentino en Espa\u00f1a. Alfons\u00edn estuvo este lunes en la Casa Rosada para dialogar con el presidente Alberto Fern\u00e1ndez y luego pidi\u00f3 a la dirigencia pol\u00edtica un esfuerzo para superar la llamada &#8220;grieta&#8221;. Fern\u00e1ndez tambi\u00e9n recibi\u00f3 a Alicia Castro, quien fue designada embajadora en Rusia.<\/p>\n<p>Alfons\u00edn evalu\u00f3 que los rechazos dentro del radicalismo a su designaci\u00f3n fueron minoritarios y que una &#8220;inmensa mayor\u00eda&#8221; se mostr\u00f3 a favor, entre quienes nombr\u00f3 a los gobernadores Gerardo Morales, Gustavo Valdes y Rodolfo Su\u00e1rez y a los legisladores nacionales Mart\u00edn Lousteau y Carla Carrizo.<\/p>\n<p>&#8220;Tenemos que trabajar mucho todos los pol\u00edticos, sobre todo los que tienen de una u otra manera posibilidad de influir en la sociedad para que se termine este tipo de relacionamiento entre las fuerzas pol\u00edticas caracterizado por la afrenta, el agravio, la descalificaci\u00f3n, porque as\u00ed no se resuelven los problemas en ning\u00fan pa\u00eds. La historia lo demuestra&#8221;, concluy\u00f3 Alfons\u00edn.<\/p>\n<p>Por otro lado, qued\u00f3 confirmada la designaci\u00f3n de la actual subsecretaria del Mercosur, Mar\u00eda &#8220;Marilita&#8221; del Carmen Squeff, como nueva representante argentina en las Naciones Unidas, uno de los pocos casilleros de importancia que todav\u00eda quedaba por completar en el organigrama de la Canciller\u00eda en el exterior. El nombre de Squeff ya hab\u00eda circulado d\u00edas atr\u00e1s como candidata para el Vaticano, cargo que finalmente qued\u00f3 para Mar\u00eda Fernanda Silva.<\/p>\n","protected":false},"excerpt":{"rendered":"<p>El dirigente radical pidi\u00f3 un esfuerzo a la dirigencia pol\u00edtica para superar a grieta. La embajadora Mar\u00eda del Carmen Squeff ocupar\u00e1 la representaci\u00f3n en las Naciones Unidas &nbsp; &nbsp; &#8220;Es un gesto que hay que valorar&#8221;, sostuvo el dirigente radical Ricardo Alfons\u00edn respecto a su nombramiento como embajador argentino en Espa\u00f1a. Alfons\u00edn estuvo este lunes en la Casa Rosada para dialogar con el presidente Alberto Fern\u00e1ndez y luego pidi\u00f3 a la dirigencia pol\u00edtica un esfuerzo para superar la llamada &#8220;grieta&#8221;. Fern\u00e1ndez tambi\u00e9n recibi\u00f3 a Alicia Castro, quien fue designada embajadora&#8230;<\/p>\n","protected":false},"author":3,"featured_media":57632,"comment_status":"closed","ping_status":"closed","sticky":false,"template":"","format":"standard","meta":[],"categories":[18],"tags":[],"_links":{"self":[{"href":"https:\/\/www.actualidadadiario.com\/index.php\/wp-json\/wp\/v2\/posts\/57631"}],"collection":[{"href":"https:\/\/www.actualidadadiario.com\/index.php\/wp-json\/wp\/v2\/posts"}],"about":[{"href":"https:\/\/www.actualidadadiario.com\/index.php\/wp-json\/wp\/v2\/types\/post"}],"author":[{"embeddable":true,"href":"https:\/\/www.actualidadadiario.com\/index.php\/wp-json\/wp\/v2\/users\/3"}],"replies":[{"embeddable":true,"href":"https:\/\/www.actualidadadiario.com\/index.php\/wp-json\/wp\/v2\/comments?post=57631"}],"version-history":[{"count":1,"href":"https:\/\/www.actualidadadiario.com\/index.php\/wp-json\/wp\/v2\/posts\/57631\/revisions"}],"predecessor-version":[{"id":57633,"href":"https:\/\/www.actualidadadiario.com\/index.php\/wp-json\/wp\/v2\/posts\/57631\/revisions\/57633"}],"wp:featuredmedia":[{"embeddable":true,"href":"https:\/\/www.actualidadadiario.com\/index.php\/wp-json\/wp\/v2\/media\/57632"}],"wp:attachment":[{"href":"https:\/\/www.actualidadadiario.com\/index.php\/wp-json\/wp\/v2\/media?parent=57631"}],"wp:term":[{"taxonomy":"category","embeddable":true,"href":"https:\/\/www.actualidadadiario.com\/index.php\/wp-json\/wp\/v2\/categories?post=57631"},{"taxonomy":"post_tag","embeddable":true,"href":"https:\/\/www.actualidadadiario.com\/index.php\/wp-json\/wp\/v2\/tags?post=57631"}],"curies":[{"name":"wp","href":"https:\/\/api.w.org\/{rel}","templated":true}]}}