{"id":57628,"date":"2020-02-11T11:38:08","date_gmt":"2020-02-11T14:38:08","guid":{"rendered":"https:\/\/www.actualidadadiario.com\/?p=57628"},"modified":"2020-02-11T11:38:08","modified_gmt":"2020-02-11T14:38:08","slug":"daniel-arroyo-enfatizo-que-la-situacion-en-salta-es-gravisima","status":"publish","type":"post","link":"https:\/\/www.actualidadadiario.com\/index.php\/2020\/02\/11\/daniel-arroyo-enfatizo-que-la-situacion-en-salta-es-gravisima\/","title":{"rendered":"Daniel Arroyo enfatiz\u00f3 que \u201cla situaci\u00f3n en Salta es grav\u00edsima\u201d"},"content":{"rendered":"<p style=\"text-align: center;\"><em><strong>El ministro de Desarrollo Social precis\u00f3 el gran n\u00famero de chicos internados por problemas alimenticios y coment\u00f3 los trabajos que se est\u00e1n realizando<\/strong><\/em><\/p>\n<p>&nbsp;<\/p>\n<p>&nbsp;<\/p>\n<p>El ministro de Desarrollo Social, Daniel Arroyo, enfatiz\u00f3 que \u201cla situaci\u00f3n en Salta es grav\u00edsima\u201d y se\u00f1al\u00f3 que \u201chay m\u00e1s de 32 chicos que est\u00e1n internados\u201d por problemas alimenticios, adem\u00e1s de los siete que fallecieron. Ante esto, coment\u00f3 que est\u00e1n llevando a cabo \u201cacciones de rastrillaje\u201d y est\u00e1n buscando \u201csolucionar el problema del agua potable\u201d.<\/p>\n<p>El gobernador de la provincia de Salta, Gustavo S\u00e1enz, brind\u00f3 detalles luego de decretar la emergencia socio-sanitaria en varios departamentos. Ahora, el funcionario del Gobierno del Frente de Todos advirti\u00f3 que \u201cla situaci\u00f3n es grav\u00edsima\u201d en el distrito norte\u00f1o y comunic\u00f3 que ya se est\u00e1n llevando a cabo trabajos all\u00ed.<\/p>\n<p>Luego de indicar que \u201chay m\u00e1s de 32 chicos que est\u00e1n internados\u201d, que se suman a los siete peque\u00f1os de las comunidades wichi que perdieron su vida por problemas alimenticios, el exdiputado recalc\u00f3 que \u201cel problema m\u00e1s grande es el agua\u201d. \u201cLa toman y no es potable. Despu\u00e9s, tienen diarrea, deshidrataci\u00f3n, malnutrici\u00f3n y terminan internados\u201d, afirm\u00f3.<\/p>\n<p>Ante este panorama, cont\u00f3 que \u201cel Ej\u00e9rcito est\u00e1 trabajando con maquinarias en los pozos de agua\u201d y que \u201cse est\u00e1 haciendo un rastrillaje para ver c\u00f3mo est\u00e1 la situaci\u00f3n de los chicos que no est\u00e1n internados\u201d. \u201cTienen que ver con la emergencia y en cuanto a lo estructural, estamos haciendo un esfuerzo muy importante para solucionar el problema del agua\u201d, insisti\u00f3.<\/p>\n<p>Adem\u00e1s, en di\u00e1logo con Radio La Red, explic\u00f3 que \u201clas tarjetas alimentarias se est\u00e1n implementando en Salta pero no en las zonas alejadas\u201d, como en este caso. All\u00ed, \u201cla puesta sanitaria es con m\u00f3dulos sanitarios\u201d. \u201cLa situaci\u00f3n es muy cr\u00edtica en la Argentina y debemos poner un piso. Queremos que las familias coman, que trabajen y que luego se mueva la econom\u00eda\u201d, concluy\u00f3.<\/p>\n","protected":false},"excerpt":{"rendered":"<p>El ministro de Desarrollo Social precis\u00f3 el gran n\u00famero de chicos internados por problemas alimenticios y coment\u00f3 los trabajos que se est\u00e1n realizando &nbsp; &nbsp; El ministro de Desarrollo Social, Daniel Arroyo, enfatiz\u00f3 que \u201cla situaci\u00f3n en Salta es grav\u00edsima\u201d y se\u00f1al\u00f3 que \u201chay m\u00e1s de 32 chicos que est\u00e1n internados\u201d por problemas alimenticios, adem\u00e1s de los siete que fallecieron. Ante esto, coment\u00f3 que est\u00e1n llevando a cabo \u201cacciones de rastrillaje\u201d y est\u00e1n buscando \u201csolucionar el problema del agua potable\u201d. El gobernador de la provincia de Salta, Gustavo S\u00e1enz, brind\u00f3&#8230;<\/p>\n","protected":false},"author":3,"featured_media":57629,"comment_status":"closed","ping_status":"closed","sticky":false,"template":"","format":"standard","meta":[],"categories":[18],"tags":[],"_links":{"self":[{"href":"https:\/\/www.actualidadadiario.com\/index.php\/wp-json\/wp\/v2\/posts\/57628"}],"collection":[{"href":"https:\/\/www.actualidadadiario.com\/index.php\/wp-json\/wp\/v2\/posts"}],"about":[{"href":"https:\/\/www.actualidadadiario.com\/index.php\/wp-json\/wp\/v2\/types\/post"}],"author":[{"embeddable":true,"href":"https:\/\/www.actualidadadiario.com\/index.php\/wp-json\/wp\/v2\/users\/3"}],"replies":[{"embeddable":true,"href":"https:\/\/www.actualidadadiario.com\/index.php\/wp-json\/wp\/v2\/comments?post=57628"}],"version-history":[{"count":1,"href":"https:\/\/www.actualidadadiario.com\/index.php\/wp-json\/wp\/v2\/posts\/57628\/revisions"}],"predecessor-version":[{"id":57630,"href":"https:\/\/www.actualidadadiario.com\/index.php\/wp-json\/wp\/v2\/posts\/57628\/revisions\/57630"}],"wp:featuredmedia":[{"embeddable":true,"href":"https:\/\/www.actualidadadiario.com\/index.php\/wp-json\/wp\/v2\/media\/57629"}],"wp:attachment":[{"href":"https:\/\/www.actualidadadiario.com\/index.php\/wp-json\/wp\/v2\/media?parent=57628"}],"wp:term":[{"taxonomy":"category","embeddable":true,"href":"https:\/\/www.actualidadadiario.com\/index.php\/wp-json\/wp\/v2\/categories?post=57628"},{"taxonomy":"post_tag","embeddable":true,"href":"https:\/\/www.actualidadadiario.com\/index.php\/wp-json\/wp\/v2\/tags?post=57628"}],"curies":[{"name":"wp","href":"https:\/\/api.w.org\/{rel}","templated":true}]}}